{"id":294672,"date":"2024-06-25T10:41:38","date_gmt":"2024-06-25T08:41:38","guid":{"rendered":"https:\/\/dom-ucenicki-kutina.skole.hr\/izlet-u-rijeku-crikvenicu-i-fuzine\/"},"modified":"2024-07-17T10:56:33","modified_gmt":"2024-07-17T08:56:33","slug":"izlet-u-rijeku-crikvenicu-i-fuzine","status":"publish","type":"post","link":"https:\/\/dom-ucenicki-kutina.skole.hr\/?p=294672","title":{"rendered":"Izlet u Rijeku, Crikvenicu i Fu\u017eine"},"content":{"rendered":"<p>[et_pb_section fb_built=&#8221;1&#8243; theme_builder_area=&#8221;post_content&#8221; _builder_version=&#8221;4.25.0&#8243; _module_preset=&#8221;default&#8221; min_height=&#8221;998px&#8221; custom_margin=&#8221;-4px||||false|false&#8221; hover_enabled=&#8221;0&#8243; sticky_enabled=&#8221;0&#8243; custom_padding=&#8221;0px||||false|false&#8221;][et_pb_row _builder_version=&#8221;4.25.0&#8243; _module_preset=&#8221;default&#8221; theme_builder_area=&#8221;post_content&#8221;][et_pb_column _builder_version=&#8221;4.25.0&#8243; _module_preset=&#8221;default&#8221; type=&#8221;4_4&#8243; theme_builder_area=&#8221;post_content&#8221;][et_pb_text _builder_version=&#8221;4.25.0&#8243; _module_preset=&#8221;default&#8221; theme_builder_area=&#8221;post_content&#8221; hover_enabled=&#8221;0&#8243; sticky_enabled=&#8221;0&#8243; text_font=&#8221;&#8211;et_global_body_font||||||||&#8221;]<\/p>\n<p>Ove godine na\u0161 jednodnevni izlet realizirali smo krajem \u0161kolske godine.<\/p>\n<p>[\/et_pb_text][et_pb_text _builder_version=&#8221;4.25.0&#8243; _module_preset=&#8221;default&#8221; theme_builder_area=&#8221;post_content&#8221; hover_enabled=&#8221;0&#8243; sticky_enabled=&#8221;0&#8243; text_font=&#8221;&#8211;et_global_body_font||||||||&#8221;]<\/p>\n<p>U ranim jutarnjim satima krenuli smo put Rijeke gdje smo u pratnji turisti\u010dkog vodi\u010da pro\u0161etali i upoznali stari dio grada. U Rijeci smo imali i slobodnog vremena za \u0161etnju, kupnju i kavu, a nakon toga smo oti\u0161li na organizirani ru\u010dak s predivnim pogledom na more.<\/p>\n<p>[\/et_pb_text][et_pb_image src=&#8221;https:\/\/dom-ucenicki-kutina.skole.hr\/wp-content\/uploads\/sites\/2193\/2024\/06\/20240618_103522.jpg&#8221; _builder_version=&#8221;4.25.0&#8243; _module_preset=&#8221;default&#8221; theme_builder_area=&#8221;post_content&#8221; title_text=&#8221;20240618_103522&#8243; hover_enabled=&#8221;0&#8243; sticky_enabled=&#8221;0&#8243;][\/et_pb_image][et_pb_text _builder_version=&#8221;4.25.0&#8243; _module_preset=&#8221;default&#8221; theme_builder_area=&#8221;post_content&#8221; hover_enabled=&#8221;0&#8243; sticky_enabled=&#8221;0&#8243; text_font=&#8221;&#8211;et_global_body_font||||||||&#8221;]<\/p>\n<p>Vrijeme u Rijeci nam je brzo pro\u0161lo, te smo se ve\u0107 na\u0161li na putu za Crikvenicu, gdje su nas do\u010dekale predivne pla\u017ee. Na jednoj od njih smo se i okupali. More je bilo idealne temperature pa nam se nije izlazilo van, ali brzo je i to pro\u0161lo te je bilo vrijeme za po\u0107i nazad.<\/p>\n<p>[\/et_pb_text][et_pb_image src=&#8221;https:\/\/dom-ucenicki-kutina.skole.hr\/wp-content\/uploads\/sites\/2193\/2024\/06\/IMG-5b1d131aa692d8368f19f4003b7d1837-V.jpg&#8221; _builder_version=&#8221;4.25.0&#8243; _module_preset=&#8221;default&#8221; theme_builder_area=&#8221;post_content&#8221; title_text=&#8221;IMG-5b1d131aa692d8368f19f4003b7d1837-V&#8221; hover_enabled=&#8221;0&#8243; sticky_enabled=&#8221;0&#8243;][\/et_pb_image][et_pb_text _builder_version=&#8221;4.25.0&#8243; _module_preset=&#8221;default&#8221; theme_builder_area=&#8221;post_content&#8221; hover_enabled=&#8221;0&#8243; sticky_enabled=&#8221;0&#8243; text_font=&#8221;&#8211;et_global_body_font||||||||&#8221;]<\/p>\n<p>Na povratku za Kutinu, stali smo se rashladiti u Fu\u017einama. Pro\u0161etali smo uz jezero, udahnuli svje\u017ei \u0161umski zrak i pojeli sladoled. U Kutinu smo se vratili u ve\u010dernjim satima, ali dovoljno rano da odmorimo prije \u0161kole.<\/p>\n<p>[\/et_pb_text][et_pb_image src=&#8221;https:\/\/dom-ucenicki-kutina.skole.hr\/wp-content\/uploads\/sites\/2193\/2024\/06\/20240618_162052.jpg&#8221; _builder_version=&#8221;4.25.0&#8243; _module_preset=&#8221;default&#8221; theme_builder_area=&#8221;post_content&#8221; title_text=&#8221;20240618_162052&#8243; hover_enabled=&#8221;0&#8243; sticky_enabled=&#8221;0&#8243;][\/et_pb_image][\/et_pb_column][\/et_pb_row][et_pb_row _builder_version=&#8221;4.25.0&#8243; _module_preset=&#8221;default&#8221; theme_builder_area=&#8221;post_content&#8221;][et_pb_column _builder_version=&#8221;4.25.0&#8243; _module_preset=&#8221;default&#8221; type=&#8221;4_4&#8243; theme_builder_area=&#8221;post_content&#8221;][el_masonry_gallery _builder_version=&#8221;4.25.0&#8243; _module_preset=&#8221;default&#8221; theme_builder_area=&#8221;post_content&#8221; image_ids=&#8221;294792,294789,294783&#8243; number_of_columns=&#8221;3&#8243; enable_lightbox=&#8221;on&#8221; lightbox_effect=&#8221;zoom&#8221; hover_enabled=&#8221;0&#8243; sticky_enabled=&#8221;0&#8243;][\/el_masonry_gallery][\/et_pb_column][\/et_pb_row][\/et_pb_section]<\/p>\n","protected":false},"excerpt":{"rendered":"<p>Ove godine na\u0161 jednodnevni izlet realizirali smo krajem \u0161kolske godine.U ranim jutarnjim satima krenuli smo put Rijeke gdje smo u pratnji turisti\u010dkog vodi\u010da pro\u0161etali i upoznali stari dio grada. U Rijeci smo imali i slobodnog vremena za \u0161etnju, kupnju i kavu, a nakon toga smo oti\u0161li na organizirani ru\u010dak s predivnim pogledom na more.Vrijeme u [&hellip;]<\/p>\n","protected":false},"author":3651,"featured_media":294780,"comment_status":"closed","ping_status":"closed","sticky":false,"template":"","format":"standard","meta":{"_et_pb_use_builder":"on","_et_pb_old_content":"<p>Ove godine na&scaron; jednodnevni izlet realizirali smo krajem &scaron;kolske godine.<\/p>\r\n\r\n<p><img alt=\"\" src=\"\/upload\/dom-ucenicki-kutina\/images\/newsimg\/1093\/Image\/20240618_101832.jpg\" style=\"width: 500px;height: 282px\" \/><\/p>\r\n<p>U ranim jutarnjim satima krenuli smo put Rijeke gdje smo u pratnji turisti\u010dkog vodi\u010da pro&scaron;etali i upoznali stari dio grada. U Rijeci smo imali i slobodnog vremena za &scaron;etnju, kupnju i kavu, a nakon toga smo oti&scaron;li na organizirani ru\u010dak s predivnim pogledom na more. Vrijeme u Rijeci nam je brzo pro&scaron;lo, te smo se ve\u0107 na&scaron;li na putu za Crikvenicu, gdje su nas do\u010dekale predivne pla\u017ee. Na jednoj od njih smo se i okupali. More je bilo idealne temperature pa nam se nije izlazilo van, ali brzo je i to pro&scaron;lo te je bilo vrijeme za po\u0107i nazad. Na povratku za Kutinu, stali smo se rashladiti u Fu\u017einama. Pro&scaron;etali smo uz jezero, udahnuli svje\u017ei &scaron;umski zrak i pojeli sladoled. U Kutinu smo se vratili u ve\u010dernjim satima, ali dovoljno rano da odmorimo prije &scaron;kole.<\/p>\r\n\r\n<p style=\"text-align: center\"><a href=\"\/upload\/dom-ucenicki-kutina\/images\/newsimg\/1093\/Image\/20240618_103055.jpg\" target=\"_blank\" rel=\"noopener\"><span style=\"color:#FFFFFF\"><img alt=\"\" src=\"\/upload\/dom-ucenicki-kutina\/images\/newsimg\/1093\/Image\/20240618_103055.jpg\" style=\"width: 220px;height: 124px;border-width: 5px;border-style: solid\" \/><\/span><\/a><a href=\"\/upload\/dom-ucenicki-kutina\/images\/newsimg\/1093\/Image\/20240618_103522.jpg\" target=\"_blank\" rel=\"noopener\"><span style=\"color:#FFFFFF\"><img alt=\"\" src=\"\/upload\/dom-ucenicki-kutina\/images\/newsimg\/1093\/Image\/20240618_103522.jpg\" style=\"width: 220px;height: 124px;border-width: 5px;border-style: solid\" \/><\/span><\/a><\/p>\r\n\r\n<p style=\"text-align: center\"><a href=\"\/upload\/dom-ucenicki-kutina\/images\/newsimg\/1093\/Image\/20240618_103727.jpg\" target=\"_blank\" rel=\"noopener\"><span style=\"color:#FFFFFF\"><img alt=\"\" src=\"\/upload\/dom-ucenicki-kutina\/images\/newsimg\/1093\/Image\/20240618_103727.jpg\" style=\"width: 220px;height: 124px;border-width: 5px;border-style: solid\" \/><\/span><\/a><a href=\"\/upload\/dom-ucenicki-kutina\/images\/newsimg\/1093\/Image\/20240618_105619.jpg\" target=\"_blank\" rel=\"noopener\"><span style=\"color:#FFFFFF\"><img alt=\"\" src=\"\/upload\/dom-ucenicki-kutina\/images\/newsimg\/1093\/Image\/20240618_105619.jpg\" style=\"width: 220px;height: 124px;border-width: 5px;border-style: solid\" \/><\/span><\/a><\/p>\r\n\r\n<p style=\"text-align: center\"><a href=\"\/upload\/dom-ucenicki-kutina\/images\/newsimg\/1093\/Image\/20240618_162052.jpg\" target=\"_blank\" rel=\"noopener\"><span style=\"color:#FFFFFF\"><img alt=\"\" src=\"\/upload\/dom-ucenicki-kutina\/images\/newsimg\/1093\/Image\/20240618_162052.jpg\" style=\"width: 220px;height: 124px;border-width: 5px;border-style: solid\" \/><\/span><\/a><a href=\"\/upload\/dom-ucenicki-kutina\/images\/newsimg\/1093\/Image\/IMG-5b1d131aa692d8368f19f4003b7d1837-V.jpg\" target=\"_blank\" rel=\"noopener\"><span style=\"color:#FFFFFF\"><img alt=\"\" src=\"\/upload\/dom-ucenicki-kutina\/images\/newsimg\/1093\/Image\/IMG-5b1d131aa692d8368f19f4003b7d1837-V.jpg\" style=\"width: 220px;height: 165px;border-width: 5px;border-style: solid\" \/><\/span><\/a><\/p>\r\n","_et_gb_content_width":"1080","footnotes":""},"categories":[54,48,38],"tags":[],"class_list":["post-294672","post","type-post","status-publish","format-standard","has-post-thumbnail","hentry","category-najnovije_vijesti","category-naslovnica","category-vijesti"],"_links":{"self":[{"href":"https:\/\/dom-ucenicki-kutina.skole.hr\/index.php?rest_route=\/wp\/v2\/posts\/294672","targetHints":{"allow":["GET"]}}],"collection":[{"href":"https:\/\/dom-ucenicki-kutina.skole.hr\/index.php?rest_route=\/wp\/v2\/posts"}],"about":[{"href":"https:\/\/dom-ucenicki-kutina.skole.hr\/index.php?rest_route=\/wp\/v2\/types\/post"}],"author":[{"embeddable":true,"href":"https:\/\/dom-ucenicki-kutina.skole.hr\/index.php?rest_route=\/wp\/v2\/users\/3651"}],"replies":[{"embeddable":true,"href":"https:\/\/dom-ucenicki-kutina.skole.hr\/index.php?rest_route=%2Fwp%2Fv2%2Fcomments&post=294672"}],"version-history":[{"count":4,"href":"https:\/\/dom-ucenicki-kutina.skole.hr\/index.php?rest_route=\/wp\/v2\/posts\/294672\/revisions"}],"predecessor-version":[{"id":294816,"href":"https:\/\/dom-ucenicki-kutina.skole.hr\/index.php?rest_route=\/wp\/v2\/posts\/294672\/revisions\/294816"}],"wp:featuredmedia":[{"embeddable":true,"href":"https:\/\/dom-ucenicki-kutina.skole.hr\/index.php?rest_route=\/wp\/v2\/media\/294780"}],"wp:attachment":[{"href":"https:\/\/dom-ucenicki-kutina.skole.hr\/index.php?rest_route=%2Fwp%2Fv2%2Fmedia&parent=294672"}],"wp:term":[{"taxonomy":"category","embeddable":true,"href":"https:\/\/dom-ucenicki-kutina.skole.hr\/index.php?rest_route=%2Fwp%2Fv2%2Fcategories&post=294672"},{"taxonomy":"post_tag","embeddable":true,"href":"https:\/\/dom-ucenicki-kutina.skole.hr\/index.php?rest_route=%2Fwp%2Fv2%2Ftags&post=294672"}],"curies":[{"name":"wp","href":"https:\/\/api.w.org\/{rel}","templated":true}]}}