{"id":296442,"date":"2024-11-27T08:09:54","date_gmt":"2024-11-27T07:09:54","guid":{"rendered":"https:\/\/dom-ucenicki-kutina.skole.hr\/?p=296442"},"modified":"2024-11-27T08:10:01","modified_gmt":"2024-11-27T07:10:01","slug":"296442-2","status":"publish","type":"post","link":"https:\/\/dom-ucenicki-kutina.skole.hr\/?p=296442","title":{"rendered":"I u mome gradu Vukovar svijetli"},"content":{"rendered":"<p>[et_pb_section fb_built=&#8221;1&#8243; theme_builder_area=&#8221;post_content&#8221; _builder_version=&#8221;4.25.0&#8243; _module_preset=&#8221;default&#8221;][et_pb_row _builder_version=&#8221;4.25.0&#8243; _module_preset=&#8221;default&#8221; theme_builder_area=&#8221;post_content&#8221;][et_pb_column _builder_version=&#8221;4.25.0&#8243; _module_preset=&#8221;default&#8221; type=&#8221;4_4&#8243; theme_builder_area=&#8221;post_content&#8221;][et_pb_text _builder_version=&#8221;4.25.0&#8243; _module_preset=&#8221;default&#8221; theme_builder_area=&#8221;post_content&#8221; text_font=&#8221;&#8211;et_global_body_font||||||||&#8221; hover_enabled=&#8221;0&#8243; sticky_enabled=&#8221;0&#8243;]<\/p>\n<p>Dan sje\u0107anja na \u017ertve Domovinskog rata i Dan sje\u0107anja na \u017ertvu Vukovara i \u0160kabrnje, za nas u U\u010deni\u010dkom domu nije samo jedan datum, crvenom bojom obojen na kalendaru. Pripremali smo se za obilje\u017eavanje ovog datuma, samostalnim istra\u017eivanjima i izradom plakata.<\/p>\n<p>[\/et_pb_text][et_pb_image src=&#8221;https:\/\/dom-ucenicki-kutina.skole.hr\/wp-content\/uploads\/sites\/2193\/2024\/11\/20241113_080656.jpg&#8221; _builder_version=&#8221;4.25.0&#8243; _module_preset=&#8221;default&#8221; theme_builder_area=&#8221;post_content&#8221; title_text=&#8221;20241113_080656&#8243; hover_enabled=&#8221;0&#8243; sticky_enabled=&#8221;0&#8243;][\/et_pb_image][et_pb_text _builder_version=&#8221;4.25.0&#8243; _module_preset=&#8221;default&#8221; theme_builder_area=&#8221;post_content&#8221; text_font=&#8221;&#8211;et_global_body_font||||||||&#8221; hover_enabled=&#8221;0&#8243; sticky_enabled=&#8221;0&#8243;]<\/p>\n<p>U\u010denica Matea Djelmo posebno se istakla ,jer je za motiv na plakatu uzela vodotoranj, ranjen, izre\u0161etan granatama, ali i djevoj\u010dicu u plavom kaputi\u0107u. Ona je dobar crta\u010d i jako je uvjerljivo prikazala bol na simbolima grada Vukovara , a to su i djevoj\u010dica i vodotoranj.<\/p>\n<p>[\/et_pb_text][et_pb_image src=&#8221;https:\/\/dom-ucenicki-kutina.skole.hr\/wp-content\/uploads\/sites\/2193\/2024\/11\/20241114_073629.jpg&#8221; _builder_version=&#8221;4.25.0&#8243; _module_preset=&#8221;default&#8221; theme_builder_area=&#8221;post_content&#8221; title_text=&#8221;20241114_073629&#8243; hover_enabled=&#8221;0&#8243; sticky_enabled=&#8221;0&#8243;][\/et_pb_image][et_pb_image src=&#8221;https:\/\/dom-ucenicki-kutina.skole.hr\/wp-content\/uploads\/sites\/2193\/2024\/11\/IMG-6b5c641446f2936a29a5eb793db4915c-V.jpg&#8221; _builder_version=&#8221;4.25.0&#8243; _module_preset=&#8221;default&#8221; theme_builder_area=&#8221;post_content&#8221; title_text=&#8221;IMG-6b5c641446f2936a29a5eb793db4915c-V&#8221; hover_enabled=&#8221;0&#8243; sticky_enabled=&#8221;0&#8243;][\/et_pb_image][et_pb_text _builder_version=&#8221;4.25.0&#8243; _module_preset=&#8221;default&#8221; theme_builder_area=&#8221;post_content&#8221; text_font=&#8221;&#8211;et_global_body_font||||||||&#8221; hover_enabled=&#8221;0&#8243; sticky_enabled=&#8221;0&#8243;]<\/p>\n<p>Ovo obilje\u017eavanje uklju\u010divalo je \u00a0ve\u0107i broj u\u010denika. Sudjelovali su oni koji su palili svije\u0107e ispred Doma, zatim recitatori koji su nas poezijom uveli u atmosferu pijeteta prema \u017ertvama, sve do u\u010denice Sare Bla\u017eekovi\u0107, koja\u00a0 se o tim doga\u0111ajima izrazila kroz samostalni uradak, pjesmu.<\/p>\n<p>[\/et_pb_text][et_pb_image src=&#8221;https:\/\/dom-ucenicki-kutina.skole.hr\/wp-content\/uploads\/sites\/2193\/2024\/11\/IMG-20241119-WA0004.jpg&#8221; _builder_version=&#8221;4.25.0&#8243; _module_preset=&#8221;default&#8221; theme_builder_area=&#8221;post_content&#8221; title_text=&#8221;IMG-20241119-WA0004&#8243; hover_enabled=&#8221;0&#8243; sticky_enabled=&#8221;0&#8243;][\/et_pb_image][et_pb_text _builder_version=&#8221;4.25.0&#8243; _module_preset=&#8221;default&#8221; theme_builder_area=&#8221;post_content&#8221; text_font=&#8221;&#8211;et_global_body_font||||||||&#8221; hover_enabled=&#8221;0&#8243; sticky_enabled=&#8221;0&#8243;]<\/p>\n<p>Sve smo zaokru\u017eili prigodnim programom pod nazivom I U MOM GRADU SVIJETLI VUKOVAR.<\/p>\n<p>Uz poeziju, sat povijesti, isje\u010dke iz dokumentarnog programa, obra\u0107anje odgajateljica i g\u0111e. ravnateljice, plakati na zidu i upaljena svije\u0107a, sve je to na\u0161 doprinos glavnoj zada\u0107i \u2026OPROSTITI, ALI NIKADA NE ZABORAVITI. Na\u0161i su u\u010denici s pa\u017enjom pratili ovaj program, jer oni \u0107e biti ti koji tu zada\u0107u dalje prenose kroz generacije.<\/p>\n<p>[\/et_pb_text][et_pb_image src=&#8221;https:\/\/dom-ucenicki-kutina.skole.hr\/wp-content\/uploads\/sites\/2193\/2024\/11\/IMG-20241119-WA0006.jpg&#8221; _builder_version=&#8221;4.25.0&#8243; _module_preset=&#8221;default&#8221; theme_builder_area=&#8221;post_content&#8221; title_text=&#8221;IMG-20241119-WA0006&#8243; hover_enabled=&#8221;0&#8243; sticky_enabled=&#8221;0&#8243;][\/et_pb_image][\/et_pb_column][\/et_pb_row][\/et_pb_section]<\/p>\n","protected":false},"excerpt":{"rendered":"<p>Dan sje\u0107anja na \u017ertve Domovinskog rata i Dan sje\u0107anja na \u017ertvu Vukovara i \u0160kabrnje, za nas u U\u010deni\u010dkom domu nije samo jedan datum, crvenom bojom obojen na kalendaru. Pripremali smo se za obilje\u017eavanje ovog datuma, samostalnim istra\u017eivanjima i izradom plakata.U\u010denica Matea Djelmo posebno se istakla ,jer je za motiv na plakatu uzela vodotoranj, ranjen, izre\u0161etan [&hellip;]<\/p>\n","protected":false},"author":3651,"featured_media":296436,"comment_status":"closed","ping_status":"closed","sticky":false,"template":"","format":"standard","meta":{"_et_pb_use_builder":"on","_et_pb_old_content":"","_et_gb_content_width":"","footnotes":""},"categories":[54,38],"tags":[],"class_list":["post-296442","post","type-post","status-publish","format-standard","has-post-thumbnail","hentry","category-najnovije_vijesti","category-vijesti"],"_links":{"self":[{"href":"https:\/\/dom-ucenicki-kutina.skole.hr\/index.php?rest_route=\/wp\/v2\/posts\/296442","targetHints":{"allow":["GET"]}}],"collection":[{"href":"https:\/\/dom-ucenicki-kutina.skole.hr\/index.php?rest_route=\/wp\/v2\/posts"}],"about":[{"href":"https:\/\/dom-ucenicki-kutina.skole.hr\/index.php?rest_route=\/wp\/v2\/types\/post"}],"author":[{"embeddable":true,"href":"https:\/\/dom-ucenicki-kutina.skole.hr\/index.php?rest_route=\/wp\/v2\/users\/3651"}],"replies":[{"embeddable":true,"href":"https:\/\/dom-ucenicki-kutina.skole.hr\/index.php?rest_route=%2Fwp%2Fv2%2Fcomments&post=296442"}],"version-history":[{"count":3,"href":"https:\/\/dom-ucenicki-kutina.skole.hr\/index.php?rest_route=\/wp\/v2\/posts\/296442\/revisions"}],"predecessor-version":[{"id":296478,"href":"https:\/\/dom-ucenicki-kutina.skole.hr\/index.php?rest_route=\/wp\/v2\/posts\/296442\/revisions\/296478"}],"wp:featuredmedia":[{"embeddable":true,"href":"https:\/\/dom-ucenicki-kutina.skole.hr\/index.php?rest_route=\/wp\/v2\/media\/296436"}],"wp:attachment":[{"href":"https:\/\/dom-ucenicki-kutina.skole.hr\/index.php?rest_route=%2Fwp%2Fv2%2Fmedia&parent=296442"}],"wp:term":[{"taxonomy":"category","embeddable":true,"href":"https:\/\/dom-ucenicki-kutina.skole.hr\/index.php?rest_route=%2Fwp%2Fv2%2Fcategories&post=296442"},{"taxonomy":"post_tag","embeddable":true,"href":"https:\/\/dom-ucenicki-kutina.skole.hr\/index.php?rest_route=%2Fwp%2Fv2%2Ftags&post=296442"}],"curies":[{"name":"wp","href":"https:\/\/api.w.org\/{rel}","templated":true}]}}