{"id":296514,"date":"2024-11-28T10:15:54","date_gmt":"2024-11-28T09:15:54","guid":{"rendered":"https:\/\/dom-ucenicki-kutina.skole.hr\/?p=296514"},"modified":"2024-11-28T10:16:00","modified_gmt":"2024-11-28T09:16:00","slug":"296514-2","status":"publish","type":"post","link":"https:\/\/dom-ucenicki-kutina.skole.hr\/?p=296514","title":{"rendered":"Projektni dan pozdrav jeseni"},"content":{"rendered":"<p>[et_pb_section fb_built=&#8221;1&#8243; theme_builder_area=&#8221;post_content&#8221; _builder_version=&#8221;4.25.0&#8243; _module_preset=&#8221;default&#8221;][et_pb_row _builder_version=&#8221;4.25.0&#8243; _module_preset=&#8221;default&#8221; theme_builder_area=&#8221;post_content&#8221;][et_pb_column _builder_version=&#8221;4.25.0&#8243; _module_preset=&#8221;default&#8221; type=&#8221;4_4&#8243; theme_builder_area=&#8221;post_content&#8221;][et_pb_text _builder_version=&#8221;4.25.0&#8243; _module_preset=&#8221;default&#8221; theme_builder_area=&#8221;post_content&#8221; text_font=&#8221;&#8211;et_global_body_font||||||||&#8221; hover_enabled=&#8221;0&#8243; sticky_enabled=&#8221;0&#8243;]<\/p>\n<p>Iskoristili smo zadnji tra\u010dak jeseni kako bi se s njom pozdravili za ovu godinu.<\/p>\n<p>[\/et_pb_text][et_pb_image src=&#8221;https:\/\/dom-ucenicki-kutina.skole.hr\/wp-content\/uploads\/sites\/2193\/2024\/11\/d081ad83-5f42-483a-b530-6dcf2abd785c.jpg&#8221; _builder_version=&#8221;4.25.0&#8243; _module_preset=&#8221;default&#8221; theme_builder_area=&#8221;post_content&#8221; title_text=&#8221;d081ad83-5f42-483a-b530-6dcf2abd785c&#8221; hover_enabled=&#8221;0&#8243; sticky_enabled=&#8221;0&#8243;][\/et_pb_image][\/et_pb_column][\/et_pb_row][et_pb_row _builder_version=&#8221;4.25.0&#8243; _module_preset=&#8221;default&#8221; theme_builder_area=&#8221;post_content&#8221;][et_pb_column _builder_version=&#8221;4.25.0&#8243; _module_preset=&#8221;default&#8221; type=&#8221;4_4&#8243; theme_builder_area=&#8221;post_content&#8221;][et_pb_image src=&#8221;https:\/\/dom-ucenicki-kutina.skole.hr\/wp-content\/uploads\/sites\/2193\/2024\/11\/2e6b65a2-6f20-4bae-a0ff-570c52e7c6bc.jpg&#8221; _builder_version=&#8221;4.25.0&#8243; _module_preset=&#8221;default&#8221; theme_builder_area=&#8221;post_content&#8221; title_text=&#8221;2e6b65a2-6f20-4bae-a0ff-570c52e7c6bc&#8221; hover_enabled=&#8221;0&#8243; sticky_enabled=&#8221;0&#8243;][\/et_pb_image][et_pb_text _builder_version=&#8221;4.25.0&#8243; _module_preset=&#8221;default&#8221; theme_builder_area=&#8221;post_content&#8221; text_font=&#8221;&#8211;et_global_body_font||||||||&#8221; hover_enabled=&#8221;0&#8243; sticky_enabled=&#8221;0&#8243;]<\/p>\n<p>U\u010denici su sudjelovali u raznim kreativnim radionicama kao \u0161to su likovno oslikavanje raznih jesenskih plodova , izrada staklenki i okvira za slike s motivima jeseni te izrada ku\u0107ice za ptice koja je postavljena u dvori\u0161noj sjenici .\u00a0<\/p>\n<p>[\/et_pb_text][et_pb_image src=&#8221;https:\/\/dom-ucenicki-kutina.skole.hr\/wp-content\/uploads\/sites\/2193\/2024\/11\/66958044-a8b3-4255-a27d-db98f4153737.jpg&#8221; _builder_version=&#8221;4.25.0&#8243; _module_preset=&#8221;default&#8221; theme_builder_area=&#8221;post_content&#8221; title_text=&#8221;66958044-a8b3-4255-a27d-db98f4153737&#8243; hover_enabled=&#8221;0&#8243; sticky_enabled=&#8221;0&#8243;][\/et_pb_image][et_pb_image src=&#8221;https:\/\/dom-ucenicki-kutina.skole.hr\/wp-content\/uploads\/sites\/2193\/2024\/11\/20241128_095109.jpg&#8221; _builder_version=&#8221;4.25.0&#8243; _module_preset=&#8221;default&#8221; theme_builder_area=&#8221;post_content&#8221; title_text=&#8221;20241128_095109&#8243; hover_enabled=&#8221;0&#8243; sticky_enabled=&#8221;0&#8243;][\/et_pb_image][et_pb_text _builder_version=&#8221;4.25.0&#8243; _module_preset=&#8221;default&#8221; theme_builder_area=&#8221;post_content&#8221; hover_enabled=&#8221;0&#8243; sticky_enabled=&#8221;0&#8243; text_font=&#8221;&#8211;et_global_body_font||||||||&#8221;]<\/p>\n<p>Uz izradu navedenih jesenskih ukrasa u\u010denici su u\u017eivali slu\u0161aju\u0107i poeziju A . B . \u0160imi\u0107a nadahnutu spomenutim godi\u0161njim dobom koju su prezentirale \u010dlanice na\u0161e recitatorske skupine.<\/p>\n<p>[\/et_pb_text][et_pb_image src=&#8221;https:\/\/dom-ucenicki-kutina.skole.hr\/wp-content\/uploads\/sites\/2193\/2024\/11\/ed2f652a-1ed5-4608-9cdf-d43632cf164d.jpg&#8221; _builder_version=&#8221;4.25.0&#8243; _module_preset=&#8221;default&#8221; theme_builder_area=&#8221;post_content&#8221; title_text=&#8221;ed2f652a-1ed5-4608-9cdf-d43632cf164d&#8221; hover_enabled=&#8221;0&#8243; sticky_enabled=&#8221;0&#8243;][\/et_pb_image][\/et_pb_column][\/et_pb_row][\/et_pb_section]<\/p>\n","protected":false},"excerpt":{"rendered":"<p>Iskoristili smo zadnji tra\u010dak jeseni kako bi se s njom pozdravili za ovu godinu.U\u010denici su sudjelovali u raznim kreativnim radionicama kao \u0161to su likovno oslikavanje raznih jesenskih plodova , izrada staklenki i okvira za slike s motivima jeseni te izrada ku\u0107ice za ptice koja je postavljena u dvori\u0161noj sjenici .\u00a0Uz izradu navedenih jesenskih ukrasa u\u010denici [&hellip;]<\/p>\n","protected":false},"author":3651,"featured_media":296529,"comment_status":"closed","ping_status":"closed","sticky":false,"template":"","format":"standard","meta":{"_et_pb_use_builder":"on","_et_pb_old_content":"","_et_gb_content_width":"","footnotes":""},"categories":[54,38],"tags":[],"class_list":["post-296514","post","type-post","status-publish","format-standard","has-post-thumbnail","hentry","category-najnovije_vijesti","category-vijesti"],"_links":{"self":[{"href":"https:\/\/dom-ucenicki-kutina.skole.hr\/index.php?rest_route=\/wp\/v2\/posts\/296514","targetHints":{"allow":["GET"]}}],"collection":[{"href":"https:\/\/dom-ucenicki-kutina.skole.hr\/index.php?rest_route=\/wp\/v2\/posts"}],"about":[{"href":"https:\/\/dom-ucenicki-kutina.skole.hr\/index.php?rest_route=\/wp\/v2\/types\/post"}],"author":[{"embeddable":true,"href":"https:\/\/dom-ucenicki-kutina.skole.hr\/index.php?rest_route=\/wp\/v2\/users\/3651"}],"replies":[{"embeddable":true,"href":"https:\/\/dom-ucenicki-kutina.skole.hr\/index.php?rest_route=%2Fwp%2Fv2%2Fcomments&post=296514"}],"version-history":[{"count":3,"href":"https:\/\/dom-ucenicki-kutina.skole.hr\/index.php?rest_route=\/wp\/v2\/posts\/296514\/revisions"}],"predecessor-version":[{"id":296544,"href":"https:\/\/dom-ucenicki-kutina.skole.hr\/index.php?rest_route=\/wp\/v2\/posts\/296514\/revisions\/296544"}],"wp:featuredmedia":[{"embeddable":true,"href":"https:\/\/dom-ucenicki-kutina.skole.hr\/index.php?rest_route=\/wp\/v2\/media\/296529"}],"wp:attachment":[{"href":"https:\/\/dom-ucenicki-kutina.skole.hr\/index.php?rest_route=%2Fwp%2Fv2%2Fmedia&parent=296514"}],"wp:term":[{"taxonomy":"category","embeddable":true,"href":"https:\/\/dom-ucenicki-kutina.skole.hr\/index.php?rest_route=%2Fwp%2Fv2%2Fcategories&post=296514"},{"taxonomy":"post_tag","embeddable":true,"href":"https:\/\/dom-ucenicki-kutina.skole.hr\/index.php?rest_route=%2Fwp%2Fv2%2Ftags&post=296514"}],"curies":[{"name":"wp","href":"https:\/\/api.w.org\/{rel}","templated":true}]}}