{"id":296820,"date":"2025-01-02T12:46:43","date_gmt":"2025-01-02T11:46:43","guid":{"rendered":"https:\/\/dom-ucenicki-kutina.skole.hr\/?p=296820"},"modified":"2025-01-02T12:46:43","modified_gmt":"2025-01-02T11:46:43","slug":"advent-u-zagrebu","status":"publish","type":"post","link":"https:\/\/dom-ucenicki-kutina.skole.hr\/?p=296820","title":{"rendered":"Advent u Zagrebu"},"content":{"rendered":"<p>[et_pb_section fb_built=&#8221;1&#8243; _builder_version=&#8221;4.25.0&#8243; _module_preset=&#8221;default&#8221; global_colors_info=&#8221;{}&#8221;][et_pb_row _builder_version=&#8221;4.25.0&#8243; _module_preset=&#8221;default&#8221; global_colors_info=&#8221;{}&#8221;][et_pb_column type=&#8221;4_4&#8243; _builder_version=&#8221;4.25.0&#8243; _module_preset=&#8221;default&#8221; global_colors_info=&#8221;{}&#8221;][et_pb_text _builder_version=&#8221;4.25.0&#8243; _module_preset=&#8221;default&#8221; global_colors_info=&#8221;{}&#8221;]<\/p>\n<p>U\u010deni\u010dki dom Kutina organizirao je poludnevni izlet u vrijeme adventa, koji raduje svakog\u00a0 u\u010denika u Domu.<\/p>\n<p>Odaziv u\u010denika bio je dobar, tako da smo u Zagreb krenuli sa dva autobusa. Do\u010dekao nas je lijepo ukra\u0161en grad, koji sav blje\u0161ti od lampica i miri\u0161e na blagdansku ponudu hrane. Svako je tu na\u0161ao pone\u0161to za sebe.<\/p>\n<p>[\/et_pb_text][et_pb_text _builder_version=&#8221;4.25.0&#8243; _module_preset=&#8221;default&#8221; global_colors_info=&#8221;{}&#8221;]<\/p>\n<p>Najprije smo se pro\u0161etali po MUZEJU \u010cOKOLADE, gdje su nas srda\u010dni i dobro pripremljeni voditelji, proveli kroz izlo\u017ebu. Puno smo toga saznali o namirnici za koju smo mislili da ve\u0107 sve znamo, jer je tako svima draga. Puno smo tamo fotografirali, jer smo se osje\u0107ali sastavnim dijelom te bogate bombonjere.<\/p>\n<p>U vedrom raspolo\u017eenju, uz pjesmu u autobusu, vratili smo se u Dom.<\/p>\n<p>[\/et_pb_text][et_pb_image src=&#8221;https:\/\/dom-ucenicki-kutina.skole.hr\/wp-content\/uploads\/sites\/2193\/2025\/01\/20241212_152507-1.jpg&#8221; title_text=&#8221;20241212_152507&#8243; _builder_version=&#8221;4.25.0&#8243; _module_preset=&#8221;default&#8221; global_colors_info=&#8221;{}&#8221;][\/et_pb_image][\/et_pb_column][\/et_pb_row][\/et_pb_section]<\/p>\n","protected":false},"excerpt":{"rendered":"<p>U\u010deni\u010dki dom Kutina organizirao je poludnevni izlet u vrijeme adventa, koji raduje svakog\u00a0 u\u010denika u Domu. Odaziv u\u010denika bio je dobar, tako da smo u Zagreb krenuli sa dva autobusa. Do\u010dekao nas je lijepo ukra\u0161en grad, koji sav blje\u0161ti od lampica i miri\u0161e na blagdansku ponudu hrane. Svako je tu na\u0161ao pone\u0161to za sebe.Najprije smo [&hellip;]<\/p>\n","protected":false},"author":3651,"featured_media":296955,"comment_status":"closed","ping_status":"closed","sticky":false,"template":"","format":"standard","meta":{"_et_pb_use_builder":"on","_et_pb_old_content":"","_et_gb_content_width":"","footnotes":""},"categories":[54,38],"tags":[],"class_list":["post-296820","post","type-post","status-publish","format-standard","has-post-thumbnail","hentry","category-najnovije_vijesti","category-vijesti"],"_links":{"self":[{"href":"https:\/\/dom-ucenicki-kutina.skole.hr\/index.php?rest_route=\/wp\/v2\/posts\/296820","targetHints":{"allow":["GET"]}}],"collection":[{"href":"https:\/\/dom-ucenicki-kutina.skole.hr\/index.php?rest_route=\/wp\/v2\/posts"}],"about":[{"href":"https:\/\/dom-ucenicki-kutina.skole.hr\/index.php?rest_route=\/wp\/v2\/types\/post"}],"author":[{"embeddable":true,"href":"https:\/\/dom-ucenicki-kutina.skole.hr\/index.php?rest_route=\/wp\/v2\/users\/3651"}],"replies":[{"embeddable":true,"href":"https:\/\/dom-ucenicki-kutina.skole.hr\/index.php?rest_route=%2Fwp%2Fv2%2Fcomments&post=296820"}],"version-history":[{"count":7,"href":"https:\/\/dom-ucenicki-kutina.skole.hr\/index.php?rest_route=\/wp\/v2\/posts\/296820\/revisions"}],"predecessor-version":[{"id":296976,"href":"https:\/\/dom-ucenicki-kutina.skole.hr\/index.php?rest_route=\/wp\/v2\/posts\/296820\/revisions\/296976"}],"wp:featuredmedia":[{"embeddable":true,"href":"https:\/\/dom-ucenicki-kutina.skole.hr\/index.php?rest_route=\/wp\/v2\/media\/296955"}],"wp:attachment":[{"href":"https:\/\/dom-ucenicki-kutina.skole.hr\/index.php?rest_route=%2Fwp%2Fv2%2Fmedia&parent=296820"}],"wp:term":[{"taxonomy":"category","embeddable":true,"href":"https:\/\/dom-ucenicki-kutina.skole.hr\/index.php?rest_route=%2Fwp%2Fv2%2Fcategories&post=296820"},{"taxonomy":"post_tag","embeddable":true,"href":"https:\/\/dom-ucenicki-kutina.skole.hr\/index.php?rest_route=%2Fwp%2Fv2%2Ftags&post=296820"}],"curies":[{"name":"wp","href":"https:\/\/api.w.org\/{rel}","templated":true}]}}