{"id":296883,"date":"2025-01-02T11:47:31","date_gmt":"2025-01-02T10:47:31","guid":{"rendered":"https:\/\/dom-ucenicki-kutina.skole.hr\/?p=296883"},"modified":"2025-01-02T11:47:31","modified_gmt":"2025-01-02T10:47:31","slug":"badnja-noc-najljepsa-noc","status":"publish","type":"post","link":"https:\/\/dom-ucenicki-kutina.skole.hr\/?p=296883","title":{"rendered":"Badnja no\u0107, najljep\u0161a no\u0107"},"content":{"rendered":"<p>[et_pb_section fb_built=&#8221;1&#8243; theme_builder_area=&#8221;post_content&#8221; _builder_version=&#8221;4.25.0&#8243; _module_preset=&#8221;default&#8221;][et_pb_row _builder_version=&#8221;4.25.0&#8243; _module_preset=&#8221;default&#8221; theme_builder_area=&#8221;post_content&#8221;][et_pb_column _builder_version=&#8221;4.25.0&#8243; _module_preset=&#8221;default&#8221; type=&#8221;4_4&#8243; theme_builder_area=&#8221;post_content&#8221;][et_pb_text _builder_version=&#8221;4.25.0&#8243; _module_preset=&#8221;default&#8221; theme_builder_area=&#8221;post_content&#8221; hover_enabled=&#8221;0&#8243; sticky_enabled=&#8221;0&#8243;]<\/p>\n<p>Dana 19. prosinca, U\u010deni\u010dki dom Kutina bio je ispunjen bo\u017ei\u0107nim duhom zahvaljuju\u0107i u\u010denicima prvog razreda koji su nam pokazali svoje gluma\u010dke vje\u0161tine. U\u010denici prvoga razreda su se potrudili izvesti \u0161to bolje predstavu koju su uvje\u017ebali. Kraj predstave su obilje\u017eili pjevaju\u0107i zajedno pjesmu \u201eRadujte se narodi\u201c.<\/p>\n<p>[\/et_pb_text][el_masonry_gallery _builder_version=&#8221;4.25.0&#8243; _module_preset=&#8221;default&#8221; theme_builder_area=&#8221;post_content&#8221; image_ids=&#8221;296901,296904,296898,296895&#8243; hover_enabled=&#8221;0&#8243; sticky_enabled=&#8221;0&#8243;][\/el_masonry_gallery][et_pb_text _builder_version=&#8221;4.25.0&#8243; _module_preset=&#8221;default&#8221; theme_builder_area=&#8221;post_content&#8221; hover_enabled=&#8221;0&#8243; sticky_enabled=&#8221;0&#8243;]<\/p>\n<p>Zanimljivo je i da je ovo nekima bio prvi put da nastupaju, a svi su odu\u0161evili prisutne starije u\u010denike i zaposlenike doma. Uz predstavu \u201eBadnja no\u0107, najljep\u0161a no\u0107\u201c, u\u010denica prvog razreda, Lara Trnka, po\u010dastila nas je divnim zvukovima svoje gitare na kojoj je odsvirala pjesmu \u201eWhen Christmas comes to town\u201c. Bila je to prava proslava ljubavi, prijateljstva i blagdanskog duha.<\/p>\n<p>&nbsp;<\/p>\n<p>Sara Bla\u017eekovi\u0107<\/p>\n<p>[\/et_pb_text][et_pb_image src=&#8221;https:\/\/dom-ucenicki-kutina.skole.hr\/wp-content\/uploads\/sites\/2193\/2025\/01\/20241219_181200.jpg&#8221; _builder_version=&#8221;4.25.0&#8243; _module_preset=&#8221;default&#8221; theme_builder_area=&#8221;post_content&#8221; title_text=&#8221;20241219_181200&#8243; hover_enabled=&#8221;0&#8243; sticky_enabled=&#8221;0&#8243;][\/et_pb_image][et_pb_image src=&#8221;https:\/\/dom-ucenicki-kutina.skole.hr\/wp-content\/uploads\/sites\/2193\/2025\/01\/DSF5355.jpg&#8221; _builder_version=&#8221;4.25.0&#8243; _module_preset=&#8221;default&#8221; theme_builder_area=&#8221;post_content&#8221; title_text=&#8221;_DSF5355&#8243; hover_enabled=&#8221;0&#8243; sticky_enabled=&#8221;0&#8243;][\/et_pb_image][\/et_pb_column][\/et_pb_row][\/et_pb_section]<\/p>\n","protected":false},"excerpt":{"rendered":"<p>Dana 19. prosinca, U\u010deni\u010dki dom Kutina bio je ispunjen bo\u017ei\u0107nim duhom zahvaljuju\u0107i u\u010denicima prvog razreda koji su nam pokazali svoje gluma\u010dke vje\u0161tine. U\u010denici prvoga razreda su se potrudili izvesti \u0161to bolje predstavu koju su uvje\u017ebali. Kraj predstave su obilje\u017eili pjevaju\u0107i zajedno pjesmu \u201eRadujte se narodi\u201c.<div class=\"et_pb_module el_masonry_gallery el_masonry_gallery_0\">\n\t\t\t\t\n\t\t\t\t\n\t\t\t\t\n\t\t\t\t\n\t\t\t\t\n\t\t\t\t\n\t\t\t\t<div class=\"et_pb_module_inner\">\n\t\t\t\t\t\n\t\t\t<div class=\"el_masonry_gallery_wrapper\"data-enable_lightbox=\"off\" data-lightbox_effect=\"none\" data-enable_navigation=\"on\" data-isotope_transition_duration=\"400\">\n\t\t\t\t<div class=\"el_masonry_gallery_item_gutter\"><\/div>\n\t\t\t\t<div class=\"el_masonry_gallery_item\">\n\t\t\t\t\t\t<div class=\"el_masonry_gallery_image_wrapper\"><img width=\"200\" height=\"300\" src=\"https:\/\/dom-ucenicki-kutina.skole.hr\/wp-content\/uploads\/sites\/2193\/2025\/01\/DSF5383-200x300.jpg\" class=\"attachment-medium size-medium no-lazyload skip-lazy\" alt=\"\" decoding=\"async\" \/> <\/div>\n\t\t\t\t\t\t\n\t\t\t\t\t<\/div><div class=\"el_masonry_gallery_item\">\n\t\t\t\t\t\t<div class=\"el_masonry_gallery_image_wrapper\"><img width=\"200\" height=\"300\" src=\"https:\/\/dom-ucenicki-kutina.skole.hr\/wp-content\/uploads\/sites\/2193\/2025\/01\/DSF5391-200x300.jpg\" class=\"attachment-medium size-medium no-lazyload skip-lazy\" alt=\"\" decoding=\"async\" \/> <\/div>\n\t\t\t\t\t\t\n\t\t\t\t\t<\/div><div class=\"el_masonry_gallery_item\">\n\t\t\t\t\t\t<div class=\"el_masonry_gallery_image_wrapper\"><img width=\"200\" height=\"300\" src=\"https:\/\/dom-ucenicki-kutina.skole.hr\/wp-content\/uploads\/sites\/2193\/2025\/01\/DSF5379-200x300.jpg\" class=\"attachment-medium size-medium no-lazyload skip-lazy\" alt=\"\" decoding=\"async\" \/> <\/div>\n\t\t\t\t\t\t\n\t\t\t\t\t<\/div><div class=\"el_masonry_gallery_item\">\n\t\t\t\t\t\t<div class=\"el_masonry_gallery_image_wrapper\"><img width=\"200\" height=\"300\" src=\"https:\/\/dom-ucenicki-kutina.skole.hr\/wp-content\/uploads\/sites\/2193\/2025\/01\/DSF5362-200x300.jpg\" class=\"attachment-medium size-medium no-lazyload skip-lazy\" alt=\"\" decoding=\"async\" \/> <\/div>\n\t\t\t\t\t\t\n\t\t\t\t\t<\/div>\n\t\t\t<\/div>\n\t\t\t\n\t\t\t\t<\/div>\n\t\t\t<\/div>Zanimljivo je i da je [&hellip;]<\/p>\n","protected":false},"author":3651,"featured_media":296913,"comment_status":"closed","ping_status":"closed","sticky":false,"template":"","format":"standard","meta":{"_et_pb_use_builder":"on","_et_pb_old_content":"","_et_gb_content_width":"","footnotes":""},"categories":[54,38],"tags":[],"class_list":["post-296883","post","type-post","status-publish","format-standard","has-post-thumbnail","hentry","category-najnovije_vijesti","category-vijesti"],"_links":{"self":[{"href":"https:\/\/dom-ucenicki-kutina.skole.hr\/index.php?rest_route=\/wp\/v2\/posts\/296883","targetHints":{"allow":["GET"]}}],"collection":[{"href":"https:\/\/dom-ucenicki-kutina.skole.hr\/index.php?rest_route=\/wp\/v2\/posts"}],"about":[{"href":"https:\/\/dom-ucenicki-kutina.skole.hr\/index.php?rest_route=\/wp\/v2\/types\/post"}],"author":[{"embeddable":true,"href":"https:\/\/dom-ucenicki-kutina.skole.hr\/index.php?rest_route=\/wp\/v2\/users\/3651"}],"replies":[{"embeddable":true,"href":"https:\/\/dom-ucenicki-kutina.skole.hr\/index.php?rest_route=%2Fwp%2Fv2%2Fcomments&post=296883"}],"version-history":[{"count":3,"href":"https:\/\/dom-ucenicki-kutina.skole.hr\/index.php?rest_route=\/wp\/v2\/posts\/296883\/revisions"}],"predecessor-version":[{"id":296919,"href":"https:\/\/dom-ucenicki-kutina.skole.hr\/index.php?rest_route=\/wp\/v2\/posts\/296883\/revisions\/296919"}],"wp:featuredmedia":[{"embeddable":true,"href":"https:\/\/dom-ucenicki-kutina.skole.hr\/index.php?rest_route=\/wp\/v2\/media\/296913"}],"wp:attachment":[{"href":"https:\/\/dom-ucenicki-kutina.skole.hr\/index.php?rest_route=%2Fwp%2Fv2%2Fmedia&parent=296883"}],"wp:term":[{"taxonomy":"category","embeddable":true,"href":"https:\/\/dom-ucenicki-kutina.skole.hr\/index.php?rest_route=%2Fwp%2Fv2%2Fcategories&post=296883"},{"taxonomy":"post_tag","embeddable":true,"href":"https:\/\/dom-ucenicki-kutina.skole.hr\/index.php?rest_route=%2Fwp%2Fv2%2Ftags&post=296883"}],"curies":[{"name":"wp","href":"https:\/\/api.w.org\/{rel}","templated":true}]}}