{"id":297609,"date":"2025-03-03T10:57:50","date_gmt":"2025-03-03T09:57:50","guid":{"rendered":"https:\/\/dom-ucenicki-kutina.skole.hr\/?p=297609"},"modified":"2025-03-03T10:59:11","modified_gmt":"2025-03-03T09:59:11","slug":"297609","status":"publish","type":"post","link":"https:\/\/dom-ucenicki-kutina.skole.hr\/?p=297609","title":{"rendered":"Dan ru\u017ei\u010dastih majica"},"content":{"rendered":"<p>[et_pb_section fb_built=&#8221;1&#8243; theme_builder_area=&#8221;post_content&#8221; _builder_version=&#8221;4.25.0&#8243; _module_preset=&#8221;default&#8221;][et_pb_row _builder_version=&#8221;4.25.0&#8243; _module_preset=&#8221;default&#8221; theme_builder_area=&#8221;post_content&#8221;][et_pb_column _builder_version=&#8221;4.25.0&#8243; _module_preset=&#8221;default&#8221; type=&#8221;4_4&#8243; theme_builder_area=&#8221;post_content&#8221;][et_pb_text _builder_version=&#8221;4.25.0&#8243; _module_preset=&#8221;default&#8221; theme_builder_area=&#8221;post_content&#8221; hover_enabled=&#8221;0&#8243; sticky_enabled=&#8221;0&#8243;]<\/p>\n<p>Dan ru\u017ei\u010dastih majica obilje\u017een je u U\u010deni\u010dkom domu kroz vi\u0161e radionica koje su pomogle u\u010denicima definirati osnovne pojmove nasilja, nau\u010diti koje vrste nasilja postoje, posebno o va\u017enosti promatra\u010da u sukobu s radionicom \u0160UTNJA NIJE ZLATO.<\/p>\n<p>[\/et_pb_text][et_pb_image src=&#8221;https:\/\/dom-ucenicki-kutina.skole.hr\/wp-content\/uploads\/sites\/2193\/2025\/03\/20250219_180710.jpg&#8221; _builder_version=&#8221;4.25.0&#8243; _module_preset=&#8221;default&#8221; theme_builder_area=&#8221;post_content&#8221; hover_enabled=&#8221;0&#8243; sticky_enabled=&#8221;0&#8243; title_text=&#8221;20250219_180710&#8243;][\/et_pb_image][et_pb_text _builder_version=&#8221;4.25.0&#8243; _module_preset=&#8221;default&#8221; theme_builder_area=&#8221;post_content&#8221; hover_enabled=&#8221;0&#8243; sticky_enabled=&#8221;0&#8243;]<\/p>\n<p>Razgovarali smo o mi\u0161ljenju u\u010denika koji su razlozi bullyinga u \u0161kolama, kako utje\u010du na pojedince, kako se s njime nositi, te kako ih se mo\u017ee sprije\u010diti. Pitali smo o mogu\u0107im svjedo\u010danstvima sudionika koji su mo\u017eda bili \u017ertvom ili sudionikom nasilja vr\u0161njaka.<\/p>\n<p>[\/et_pb_text][et_pb_image src=&#8221;https:\/\/dom-ucenicki-kutina.skole.hr\/wp-content\/uploads\/sites\/2193\/2025\/03\/20250219_182313.jpg&#8221; _builder_version=&#8221;4.25.0&#8243; _module_preset=&#8221;default&#8221; theme_builder_area=&#8221;post_content&#8221; hover_enabled=&#8221;0&#8243; sticky_enabled=&#8221;0&#8243; title_text=&#8221;20250219_182313&#8243;][\/et_pb_image][et_pb_text _builder_version=&#8221;4.25.0&#8243; _module_preset=&#8221;default&#8221; theme_builder_area=&#8221;post_content&#8221; hover_enabled=&#8221;0&#8243; sticky_enabled=&#8221;0&#8243;]<\/p>\n<p>Nakon programa na\u010dinili smo dva plakata. Jedan sadr\u017ei mi\u0161ljenja u\u010denika o snazi nenasilja i o slabostima nasilnika- \u201e \u0160TO JA MISLIM O NASILJU?\u201c. Drugi pod nazivom ZA\u010cARANI KRUG NASILNI\u0160TVA, opisuje sve sudionike u nasilju i u grupama nasilnika kao i onih koji sudjeluju u obrani \u017ertve. U\u010denici su na papirnate ru\u017ei\u010daste majice napisali svoje poruke o nenasilju.<\/p>\n<p>Sve smo popratili fotografijama.<\/p>\n<p>[\/et_pb_text][et_pb_image src=&#8221;https:\/\/dom-ucenicki-kutina.skole.hr\/wp-content\/uploads\/sites\/2193\/2025\/03\/20250219_193041.jpg&#8221; _builder_version=&#8221;4.25.0&#8243; _module_preset=&#8221;default&#8221; theme_builder_area=&#8221;post_content&#8221; hover_enabled=&#8221;0&#8243; sticky_enabled=&#8221;0&#8243; title_text=&#8221;20250219_193041&#8243;][\/et_pb_image][\/et_pb_column][\/et_pb_row][\/et_pb_section]<\/p>\n","protected":false},"excerpt":{"rendered":"<p>Dan ru\u017ei\u010dastih majica obilje\u017een je u U\u010deni\u010dkom domu kroz vi\u0161e radionica koje su pomogle u\u010denicima definirati osnovne pojmove nasilja, nau\u010diti koje vrste nasilja postoje, posebno o va\u017enosti promatra\u010da u sukobu s radionicom \u0160UTNJA NIJE ZLATO.Razgovarali smo o mi\u0161ljenju u\u010denika koji su razlozi bullyinga u \u0161kolama, kako utje\u010du na pojedince, kako se s njime nositi, te [&hellip;]<\/p>\n","protected":false},"author":3651,"featured_media":297633,"comment_status":"closed","ping_status":"closed","sticky":false,"template":"","format":"standard","meta":{"_et_pb_use_builder":"on","_et_pb_old_content":"","_et_gb_content_width":"","footnotes":""},"categories":[54,48,38],"tags":[],"class_list":["post-297609","post","type-post","status-publish","format-standard","has-post-thumbnail","hentry","category-najnovije_vijesti","category-naslovnica","category-vijesti"],"_links":{"self":[{"href":"https:\/\/dom-ucenicki-kutina.skole.hr\/index.php?rest_route=\/wp\/v2\/posts\/297609","targetHints":{"allow":["GET"]}}],"collection":[{"href":"https:\/\/dom-ucenicki-kutina.skole.hr\/index.php?rest_route=\/wp\/v2\/posts"}],"about":[{"href":"https:\/\/dom-ucenicki-kutina.skole.hr\/index.php?rest_route=\/wp\/v2\/types\/post"}],"author":[{"embeddable":true,"href":"https:\/\/dom-ucenicki-kutina.skole.hr\/index.php?rest_route=\/wp\/v2\/users\/3651"}],"replies":[{"embeddable":true,"href":"https:\/\/dom-ucenicki-kutina.skole.hr\/index.php?rest_route=%2Fwp%2Fv2%2Fcomments&post=297609"}],"version-history":[{"count":3,"href":"https:\/\/dom-ucenicki-kutina.skole.hr\/index.php?rest_route=\/wp\/v2\/posts\/297609\/revisions"}],"predecessor-version":[{"id":297639,"href":"https:\/\/dom-ucenicki-kutina.skole.hr\/index.php?rest_route=\/wp\/v2\/posts\/297609\/revisions\/297639"}],"wp:featuredmedia":[{"embeddable":true,"href":"https:\/\/dom-ucenicki-kutina.skole.hr\/index.php?rest_route=\/wp\/v2\/media\/297633"}],"wp:attachment":[{"href":"https:\/\/dom-ucenicki-kutina.skole.hr\/index.php?rest_route=%2Fwp%2Fv2%2Fmedia&parent=297609"}],"wp:term":[{"taxonomy":"category","embeddable":true,"href":"https:\/\/dom-ucenicki-kutina.skole.hr\/index.php?rest_route=%2Fwp%2Fv2%2Fcategories&post=297609"},{"taxonomy":"post_tag","embeddable":true,"href":"https:\/\/dom-ucenicki-kutina.skole.hr\/index.php?rest_route=%2Fwp%2Fv2%2Ftags&post=297609"}],"curies":[{"name":"wp","href":"https:\/\/api.w.org\/{rel}","templated":true}]}}