{"id":297735,"date":"2025-04-01T11:34:55","date_gmt":"2025-04-01T09:34:55","guid":{"rendered":"https:\/\/dom-ucenicki-kutina.skole.hr\/?p=297735"},"modified":"2025-04-01T11:39:21","modified_gmt":"2025-04-01T09:39:21","slug":"297735","status":"publish","type":"post","link":"https:\/\/dom-ucenicki-kutina.skole.hr\/?p=297735","title":{"rendered":"Zaljubljeni pod maskama"},"content":{"rendered":"<p>[et_pb_section fb_built=&#8221;1&#8243; _builder_version=&#8221;4.25.0&#8243; _module_preset=&#8221;default&#8221; global_colors_info=&#8221;{}&#8221;][et_pb_row _builder_version=&#8221;4.25.0&#8243; _module_preset=&#8221;default&#8221; global_colors_info=&#8221;{}&#8221;][et_pb_column type=&#8221;4_4&#8243; _builder_version=&#8221;4.25.0&#8243; _module_preset=&#8221;default&#8221; global_colors_info=&#8221;{}&#8221;][et_pb_text _builder_version=&#8221;4.25.0&#8243; _module_preset=&#8221;default&#8221; text_font=&#8221;&#8211;et_global_body_font||||||||&#8221; global_colors_info=&#8221;{}&#8221;]<\/p>\n<p>Dvadesetak u\u010denika U\u010deni\u010dkog doma Kutina je u velja\u010di ove godine putovalo u \u010cakovec. To je uzvratno gostovanje na programu koji ve\u0107 postaje tradicija, a nosi naziv \u201eZaljubljeni pod maskama\u201c. U\u010denici iz \u010cakovca su ve\u0107 bili na\u0161i gosti na ovakvom susretu, a ove godine nam se pridru\u017eio i UD Vara\u017edin.<\/p>\n<p>[\/et_pb_text][\/et_pb_column][\/et_pb_row][et_pb_row column_structure=&#8221;1_2,1_2&#8243; _builder_version=&#8221;4.25.0&#8243; _module_preset=&#8221;default&#8221; global_colors_info=&#8221;{}&#8221;][et_pb_column type=&#8221;1_2&#8243; _builder_version=&#8221;4.25.0&#8243; _module_preset=&#8221;default&#8221; global_colors_info=&#8221;{}&#8221;][et_pb_image src=&#8221;https:\/\/dom-ucenicki-kutina.skole.hr\/wp-content\/uploads\/sites\/2193\/2025\/04\/20250220_180902.jpg&#8221; title_text=&#8221;20250220_180902&#8243; _builder_version=&#8221;4.25.0&#8243; _module_preset=&#8221;default&#8221; global_colors_info=&#8221;{}&#8221;][\/et_pb_image][\/et_pb_column][et_pb_column type=&#8221;1_2&#8243; _builder_version=&#8221;4.25.0&#8243; _module_preset=&#8221;default&#8221; global_colors_info=&#8221;{}&#8221;][et_pb_image src=&#8221;https:\/\/dom-ucenicki-kutina.skole.hr\/wp-content\/uploads\/sites\/2193\/2025\/04\/20250220_171138.jpg&#8221; title_text=&#8221;20250220_171138&#8243; _builder_version=&#8221;4.25.0&#8243; _module_preset=&#8221;default&#8221; global_colors_info=&#8221;{}&#8221;][\/et_pb_image][\/et_pb_column][\/et_pb_row][et_pb_row _builder_version=&#8221;4.25.0&#8243; _module_preset=&#8221;default&#8221; global_colors_info=&#8221;{}&#8221;][et_pb_column type=&#8221;4_4&#8243; _builder_version=&#8221;4.25.0&#8243; _module_preset=&#8221;default&#8221; global_colors_info=&#8221;{}&#8221;][et_pb_text _builder_version=&#8221;4.25.0&#8243; _module_preset=&#8221;default&#8221; text_font=&#8221;&#8211;et_global_body_font||||||||&#8221; global_colors_info=&#8221;{}&#8221;]<\/p>\n<p>Krenuli smo oko 14 sati, a ondje smo do\u0161li oko 16. U busu je bilo dobro raspolo\u017eenje i napravili smo dobru atmosferu. Kada smo do\u0161li ondje, odgajatelji U\u010deni\u010dkog doma \u010cakovec su nas\u00a0 do\u010dekali uz osmijeh, smjestili su nas u u\u010dionicu koja je postala na\u0161a garderoba. Jo\u0161 smo se malo dotjerali i uredili za program. Pridru\u017eili su nam se u\u010denici i odgajatelji iz U\u010deni\u010dkog doma Vara\u017edin. Program je krenuo oko 17 sati. U\u010deni\u010dki dom \u010cakovec se potrudio, te su nam pokazali svoje vje\u0161tine glazbenom to\u010dkom, igrokazom, pa \u010dak i modnom revijom.<\/p>\n<p>[\/et_pb_text][et_pb_image src=&#8221;https:\/\/dom-ucenicki-kutina.skole.hr\/wp-content\/uploads\/sites\/2193\/2025\/04\/IMG-46a8bbba6dc9203e26463f46f0beac20-V.jpg&#8221; title_text=&#8221;IMG-46a8bbba6dc9203e26463f46f0beac20-V&#8221; _builder_version=&#8221;4.25.0&#8243; _module_preset=&#8221;default&#8221; global_colors_info=&#8221;{}&#8221;][\/et_pb_image][et_pb_text _builder_version=&#8221;4.25.0&#8243; _module_preset=&#8221;default&#8221; text_font=&#8221;&#8211;et_global_body_font||||||||&#8221; hover_enabled=&#8221;0&#8243; global_colors_info=&#8221;{}&#8221; sticky_enabled=&#8221;0&#8243;]<\/p>\n<p>Mi smo pak imali odli\u010dne recitacije i jedan \u0161aljivi igrokaz. Bilo je puno zanimljivih i kreativnih kostima. Nagradu za najkreativniju masku dobili su na\u0161i \u0160TRUMFOVI.\u00a0<\/p>\n<p>[\/et_pb_text][et_pb_image src=&#8221;https:\/\/dom-ucenicki-kutina.skole.hr\/wp-content\/uploads\/sites\/2193\/2025\/04\/IMG-5c126a0b2baefe1c1cbf6a92cf581983-V.jpg&#8221; _builder_version=&#8221;4.25.0&#8243; _module_preset=&#8221;default&#8221; title_text=&#8221;IMG-5c126a0b2baefe1c1cbf6a92cf581983-V&#8221; hover_enabled=&#8221;0&#8243; sticky_enabled=&#8221;0&#8243;][\/et_pb_image][et_pb_text _builder_version=&#8221;4.25.0&#8243; _module_preset=&#8221;default&#8221; text_font=&#8221;&#8211;et_global_body_font||||||||&#8221; hover_enabled=&#8221;0&#8243; global_colors_info=&#8221;{}&#8221; sticky_enabled=&#8221;0&#8243;]<\/p>\n<p>Poklone je dijelila ravnateljica doma Vara\u017edin i voditeljica doma doma\u0107ina, a na\u0161a se ravnateljica obratila i sve nas toplo pozdravila s nadom da \u0107e se ovakvo dru\u017eenje nastaviti. Poslije programa slijedilo je natjecanje u plesanju u kojem smo svi mogli sudjelovati.<\/p>\n<p>[\/et_pb_text][et_pb_image src=&#8221;https:\/\/dom-ucenicki-kutina.skole.hr\/wp-content\/uploads\/sites\/2193\/2025\/04\/IMG-2f5a81fcd1f715d07e3269be1bd868a2-V.jpg&#8221; title_text=&#8221;IMG-2f5a81fcd1f715d07e3269be1bd868a2-V&#8221; _builder_version=&#8221;4.25.0&#8243; _module_preset=&#8221;default&#8221; global_colors_info=&#8221;{}&#8221;][\/et_pb_image][et_pb_text _builder_version=&#8221;4.25.0&#8243; _module_preset=&#8221;default&#8221; global_colors_info=&#8221;{}&#8221;]<\/p>\n<p>Nakon \u0161to smo se umorili od plesanja, i\u0161li smo na ve\u010deru. Poslije ve\u010dere smo se malo opu\u0161tali i zabavljali uz glazbu. Sklopili smo neka nova prijateljstva, smijali smo se, a bilo je \u010dak i ljubavi na prvi pogled. Sve u svemu bilo nam je jako zabavno i veselimo se novom susretu.<\/p>\n<p>\u00a0\u00a0\u00a0\u00a0\u00a0\u00a0\u00a0\u00a0\u00a0\u00a0\u00a0\u00a0\u00a0\u00a0\u00a0\u00a0\u00a0\u00a0\u00a0\u00a0\u00a0\u00a0\u00a0\u00a0\u00a0\u00a0\u00a0\u00a0\u00a0\u00a0\u00a0\u00a0\u00a0\u00a0\u00a0\u00a0\u00a0\u00a0\u00a0\u00a0\u00a0\u00a0\u00a0\u00a0\u00a0\u00a0\u00a0\u00a0\u00a0\u00a0\u00a0\u00a0\u00a0\u00a0\u00a0\u00a0\u00a0\u00a0\u00a0\u00a0\u00a0\u00a0\u00a0\u00a0\u00a0\u00a0\u00a0\u00a0\u00a0\u00a0\u00a0\u00a0\u00a0\u00a0\u00a0\u00a0\u00a0\u00a0\u00a0\u00a0\u00a0\u00a0\u00a0\u00a0\u00a0\u00a0\u00a0\u00a0\u00a0\u00a0\u00a0\u00a0\u00a0\u00a0\u00a0\u00a0\u00a0\u00a0\u00a0\u00a0\u00a0\u00a0\u00a0\u00a0\u00a0\u00a0\u00a0\u00a0 Tia Horvat<\/p>\n<p>[\/et_pb_text][et_pb_image src=&#8221;https:\/\/dom-ucenicki-kutina.skole.hr\/wp-content\/uploads\/sites\/2193\/2025\/04\/IMG-62fde0040add974eda296c133be185c7-V.jpg&#8221; title_text=&#8221;IMG-62fde0040add974eda296c133be185c7-V&#8221; _builder_version=&#8221;4.25.0&#8243; _module_preset=&#8221;default&#8221; global_colors_info=&#8221;{}&#8221;][\/et_pb_image][et_pb_image src=&#8221;https:\/\/dom-ucenicki-kutina.skole.hr\/wp-content\/uploads\/sites\/2193\/2025\/04\/20250220_180549.jpg&#8221; title_text=&#8221;20250220_180549&#8243; _builder_version=&#8221;4.25.0&#8243; _module_preset=&#8221;default&#8221; global_colors_info=&#8221;{}&#8221;][\/et_pb_image][\/et_pb_column][\/et_pb_row][\/et_pb_section]<\/p>\n","protected":false},"excerpt":{"rendered":"<p>Dvadesetak u\u010denika U\u010deni\u010dkog doma Kutina je u velja\u010di ove godine putovalo u \u010cakovec. To je uzvratno gostovanje na programu koji ve\u0107 postaje tradicija, a nosi naziv \u201eZaljubljeni pod maskama\u201c. U\u010denici iz \u010cakovca su ve\u0107 bili na\u0161i gosti na ovakvom susretu, a ove godine nam se pridru\u017eio i UD Vara\u017edin.Krenuli smo oko 14 sati, a ondje [&hellip;]<\/p>\n","protected":false},"author":3651,"featured_media":297744,"comment_status":"closed","ping_status":"closed","sticky":false,"template":"","format":"standard","meta":{"_et_pb_use_builder":"on","_et_pb_old_content":"","_et_gb_content_width":"","footnotes":""},"categories":[54,48,38],"tags":[],"class_list":["post-297735","post","type-post","status-publish","format-standard","has-post-thumbnail","hentry","category-najnovije_vijesti","category-naslovnica","category-vijesti"],"_links":{"self":[{"href":"https:\/\/dom-ucenicki-kutina.skole.hr\/index.php?rest_route=\/wp\/v2\/posts\/297735","targetHints":{"allow":["GET"]}}],"collection":[{"href":"https:\/\/dom-ucenicki-kutina.skole.hr\/index.php?rest_route=\/wp\/v2\/posts"}],"about":[{"href":"https:\/\/dom-ucenicki-kutina.skole.hr\/index.php?rest_route=\/wp\/v2\/types\/post"}],"author":[{"embeddable":true,"href":"https:\/\/dom-ucenicki-kutina.skole.hr\/index.php?rest_route=\/wp\/v2\/users\/3651"}],"replies":[{"embeddable":true,"href":"https:\/\/dom-ucenicki-kutina.skole.hr\/index.php?rest_route=%2Fwp%2Fv2%2Fcomments&post=297735"}],"version-history":[{"count":5,"href":"https:\/\/dom-ucenicki-kutina.skole.hr\/index.php?rest_route=\/wp\/v2\/posts\/297735\/revisions"}],"predecessor-version":[{"id":297801,"href":"https:\/\/dom-ucenicki-kutina.skole.hr\/index.php?rest_route=\/wp\/v2\/posts\/297735\/revisions\/297801"}],"wp:featuredmedia":[{"embeddable":true,"href":"https:\/\/dom-ucenicki-kutina.skole.hr\/index.php?rest_route=\/wp\/v2\/media\/297744"}],"wp:attachment":[{"href":"https:\/\/dom-ucenicki-kutina.skole.hr\/index.php?rest_route=%2Fwp%2Fv2%2Fmedia&parent=297735"}],"wp:term":[{"taxonomy":"category","embeddable":true,"href":"https:\/\/dom-ucenicki-kutina.skole.hr\/index.php?rest_route=%2Fwp%2Fv2%2Fcategories&post=297735"},{"taxonomy":"post_tag","embeddable":true,"href":"https:\/\/dom-ucenicki-kutina.skole.hr\/index.php?rest_route=%2Fwp%2Fv2%2Ftags&post=297735"}],"curies":[{"name":"wp","href":"https:\/\/api.w.org\/{rel}","templated":true}]}}