{"id":298041,"date":"2025-04-28T11:29:57","date_gmt":"2025-04-28T09:29:57","guid":{"rendered":"https:\/\/dom-ucenicki-kutina.skole.hr\/?p=298041"},"modified":"2025-04-28T11:34:05","modified_gmt":"2025-04-28T09:34:05","slug":"298041","status":"publish","type":"post","link":"https:\/\/dom-ucenicki-kutina.skole.hr\/?p=298041","title":{"rendered":"Dan planete Zemlje"},"content":{"rendered":"<p>[et_pb_section fb_built=&#8221;1&#8243; _builder_version=&#8221;4.25.0&#8243; _module_preset=&#8221;default&#8221; global_colors_info=&#8221;{}&#8221;][et_pb_row _builder_version=&#8221;4.25.0&#8243; _module_preset=&#8221;default&#8221; global_colors_info=&#8221;{}&#8221;][et_pb_column type=&#8221;4_4&#8243; _builder_version=&#8221;4.25.0&#8243; _module_preset=&#8221;default&#8221; global_colors_info=&#8221;{}&#8221;][et_pb_text _builder_version=&#8221;4.25.0&#8243; _module_preset=&#8221;default&#8221; text_font=&#8221;&#8211;et_global_body_font||||||||&#8221; global_colors_info=&#8221;{}&#8221;]<\/p>\n<p>Znamo koliko je va\u017eno o\u010duvati planetu Zemlju, jer to je jedini Dom kojeg imamo. Zato svake godine posve\u0107ujemo pa\u017enju obilje\u017eavanju ovog datuma. Na mladima svijet ostaje, zato na\u0161e u\u010denike kroz razne radionice educiramo i podsje\u0107amo \u0161to mi kao pojedinci mo\u017eemo napraviti za o\u010duvanje planete Zemlje. Odr\u017eana je radionica KLIMA JE I NA\u0160 IZBOR, te ZAJEDNO ZA \u010cISTU ENERGIJU \u2013 BUDU\u0106NOST U NA\u0160IM RUKAMA. Ovaj dan obilje\u017eili smo i \u0161etnjom po \u0161etnici uz Kutinicu do bazena, te \u0161etnjom pou\u010dnom stazom Turski stol, \u0161to smo zabilje\u017eili i na\u0161om kamerom.<\/p>\n<p>[\/et_pb_text][el_dynamic_masonry_gallery number_of_images=&#8221;4&#8243; number_of_columns=&#8221;2&#8243; column_spacing=&#8221;9px&#8221; image_size=&#8221;large&#8221; _builder_version=&#8221;4.25.0&#8243; _module_preset=&#8221;default&#8221; hover_enabled=&#8221;0&#8243; global_colors_info=&#8221;{}&#8221; enable_lightbox=&#8221;on&#8221; sticky_enabled=&#8221;0&#8243;][\/el_dynamic_masonry_gallery][\/et_pb_column][\/et_pb_row][\/et_pb_section]<\/p>\n","protected":false},"excerpt":{"rendered":"<p>Znamo koliko je va\u017eno o\u010duvati planetu Zemlju, jer to je jedini Dom kojeg imamo. Zato svake godine posve\u0107ujemo pa\u017enju obilje\u017eavanju ovog datuma. Na mladima svijet ostaje, zato na\u0161e u\u010denike kroz razne radionice educiramo i podsje\u0107amo \u0161to mi kao pojedinci mo\u017eemo napraviti za o\u010duvanje planete Zemlje. Odr\u017eana je radionica KLIMA JE I NA\u0160 IZBOR, te ZAJEDNO [&hellip;]<\/p>\n","protected":false},"author":3651,"featured_media":298056,"comment_status":"closed","ping_status":"closed","sticky":false,"template":"","format":"standard","meta":{"_et_pb_use_builder":"on","_et_pb_old_content":"","_et_gb_content_width":"","footnotes":""},"categories":[54,48,38],"tags":[],"class_list":["post-298041","post","type-post","status-publish","format-standard","has-post-thumbnail","hentry","category-najnovije_vijesti","category-naslovnica","category-vijesti"],"_links":{"self":[{"href":"https:\/\/dom-ucenicki-kutina.skole.hr\/index.php?rest_route=\/wp\/v2\/posts\/298041","targetHints":{"allow":["GET"]}}],"collection":[{"href":"https:\/\/dom-ucenicki-kutina.skole.hr\/index.php?rest_route=\/wp\/v2\/posts"}],"about":[{"href":"https:\/\/dom-ucenicki-kutina.skole.hr\/index.php?rest_route=\/wp\/v2\/types\/post"}],"author":[{"embeddable":true,"href":"https:\/\/dom-ucenicki-kutina.skole.hr\/index.php?rest_route=\/wp\/v2\/users\/3651"}],"replies":[{"embeddable":true,"href":"https:\/\/dom-ucenicki-kutina.skole.hr\/index.php?rest_route=%2Fwp%2Fv2%2Fcomments&post=298041"}],"version-history":[{"count":5,"href":"https:\/\/dom-ucenicki-kutina.skole.hr\/index.php?rest_route=\/wp\/v2\/posts\/298041\/revisions"}],"predecessor-version":[{"id":298080,"href":"https:\/\/dom-ucenicki-kutina.skole.hr\/index.php?rest_route=\/wp\/v2\/posts\/298041\/revisions\/298080"}],"wp:featuredmedia":[{"embeddable":true,"href":"https:\/\/dom-ucenicki-kutina.skole.hr\/index.php?rest_route=\/wp\/v2\/media\/298056"}],"wp:attachment":[{"href":"https:\/\/dom-ucenicki-kutina.skole.hr\/index.php?rest_route=%2Fwp%2Fv2%2Fmedia&parent=298041"}],"wp:term":[{"taxonomy":"category","embeddable":true,"href":"https:\/\/dom-ucenicki-kutina.skole.hr\/index.php?rest_route=%2Fwp%2Fv2%2Fcategories&post=298041"},{"taxonomy":"post_tag","embeddable":true,"href":"https:\/\/dom-ucenicki-kutina.skole.hr\/index.php?rest_route=%2Fwp%2Fv2%2Ftags&post=298041"}],"curies":[{"name":"wp","href":"https:\/\/api.w.org\/{rel}","templated":true}]}}