{"id":298347,"date":"2025-05-15T20:35:32","date_gmt":"2025-05-15T18:35:32","guid":{"rendered":"https:\/\/dom-ucenicki-kutina.skole.hr\/?p=298347"},"modified":"2025-05-15T20:35:33","modified_gmt":"2025-05-15T18:35:33","slug":"298347","status":"publish","type":"post","link":"https:\/\/dom-ucenicki-kutina.skole.hr\/?p=298347","title":{"rendered":"Maj\u010din dan i Dan obitelji"},"content":{"rendered":"<p>[et_pb_section fb_built=&#8221;1&#8243; theme_builder_area=&#8221;post_content&#8221; _builder_version=&#8221;4.25.0&#8243; _module_preset=&#8221;default&#8221;][et_pb_row _builder_version=&#8221;4.25.0&#8243; _module_preset=&#8221;default&#8221; theme_builder_area=&#8221;post_content&#8221;][et_pb_column _builder_version=&#8221;4.25.0&#8243; _module_preset=&#8221;default&#8221; type=&#8221;4_4&#8243; theme_builder_area=&#8221;post_content&#8221;][et_pb_text _builder_version=&#8221;4.25.0&#8243; _module_preset=&#8221;default&#8221; theme_builder_area=&#8221;post_content&#8221; hover_enabled=&#8221;0&#8243; sticky_enabled=&#8221;0&#8243; text_font=&#8221;&#8211;et_global_body_font||||||||&#8221;]<\/p>\n<p>OBILJE\u017dAVANJEM MAJ\u010cINOG DANA I DANA OBITELJI isti\u010demo neke od najva\u017enijih vrijednosti u dru\u0161tvu. Zato smo se okupili u prostoru knji\u017enice i zadu\u017eeni u\u010denici \u010ditali su svoje, autorske radove o majci i pripremljenu liriku recitatorske skupine.<\/p>\n<p>[\/et_pb_text][et_pb_image src=&#8221;https:\/\/dom-ucenicki-kutina.skole.hr\/wp-content\/uploads\/sites\/2193\/2025\/05\/DSC_1243.jpg&#8221; _builder_version=&#8221;4.25.0&#8243; _module_preset=&#8221;default&#8221; theme_builder_area=&#8221;post_content&#8221; title_text=&#8221;DSC_1243&#8243; hover_enabled=&#8221;0&#8243; sticky_enabled=&#8221;0&#8243;][\/et_pb_image][et_pb_text _builder_version=&#8221;4.25.0&#8243; _module_preset=&#8221;default&#8221; theme_builder_area=&#8221;post_content&#8221; text_font=&#8221;&#8211;et_global_body_font||||||||&#8221; hover_enabled=&#8221;0&#8243; sticky_enabled=&#8221;0&#8243;]<\/p>\n<p>Majka je vje\u010dna inspiracija i u\u010denici rado opisuju svoj odnos prema majci u samostalnom lirskom ili esejisti\u010dkom izra\u017eavanju.<\/p>\n<p>Me\u0111unarodnim danom obitelji \u017eeli se potaknuti djelovanje svih nadle\u017enih subjekata u korist obitelji, pru\u017eiti podr\u0161ku uva\u017eavanju obiteljskog \u017eivota, tradicija i obi\u010daja, pokazati solidarnost u potrazi i rje\u0161enjima za boljim standardima i kvaliteti \u017eivota obitelji.<\/p>\n<p>[\/et_pb_text][et_pb_image src=&#8221;https:\/\/dom-ucenicki-kutina.skole.hr\/wp-content\/uploads\/sites\/2193\/2025\/05\/DSC_1245.jpg&#8221; _builder_version=&#8221;4.25.0&#8243; _module_preset=&#8221;default&#8221; theme_builder_area=&#8221;post_content&#8221; title_text=&#8221;DSC_1245&#8243; hover_enabled=&#8221;0&#8243; sticky_enabled=&#8221;0&#8243;][\/et_pb_image][et_pb_text _builder_version=&#8221;4.25.0&#8243; _module_preset=&#8221;default&#8221; theme_builder_area=&#8221;post_content&#8221; text_font=&#8221;&#8211;et_global_body_font||||||||&#8221; hover_enabled=&#8221;0&#8243; sticky_enabled=&#8221;0&#8243;]<\/p>\n<p>Obilje\u017eavanjem ovoga dana \u017eeli se ukazati i da se bitna obilje\u017eja \u010dovje\u010danstva kao \u0161to su &#8211;\u00a0 zajedni\u0161tvo, tolerancija, demokracija, svjetski mir &#8211; po\u010dinju izgra\u0111ivati u obitelji. Na\u0161a velika obitelj \u2013 u\u010deni\u010dki dom, tako\u0111er gradi i unaprje\u0111uje ove vrijednosti.<\/p>\n<p>[\/et_pb_text][\/et_pb_column][\/et_pb_row][\/et_pb_section]<\/p>\n","protected":false},"excerpt":{"rendered":"<p>OBILJE\u017dAVANJEM MAJ\u010cINOG DANA I DANA OBITELJI isti\u010demo neke od najva\u017enijih vrijednosti u dru\u0161tvu. Zato smo se okupili u prostoru knji\u017enice i zadu\u017eeni u\u010denici \u010ditali su svoje, autorske radove o majci i pripremljenu liriku recitatorske skupine.Majka je vje\u010dna inspiracija i u\u010denici rado opisuju svoj odnos prema majci u samostalnom lirskom ili esejisti\u010dkom izra\u017eavanju. Me\u0111unarodnim danom obitelji [&hellip;]<\/p>\n","protected":false},"author":3651,"featured_media":298362,"comment_status":"closed","ping_status":"closed","sticky":false,"template":"","format":"standard","meta":{"_et_pb_use_builder":"on","_et_pb_old_content":"","_et_gb_content_width":"","footnotes":""},"categories":[54,48,38],"tags":[],"class_list":["post-298347","post","type-post","status-publish","format-standard","has-post-thumbnail","hentry","category-najnovije_vijesti","category-naslovnica","category-vijesti"],"_links":{"self":[{"href":"https:\/\/dom-ucenicki-kutina.skole.hr\/index.php?rest_route=\/wp\/v2\/posts\/298347","targetHints":{"allow":["GET"]}}],"collection":[{"href":"https:\/\/dom-ucenicki-kutina.skole.hr\/index.php?rest_route=\/wp\/v2\/posts"}],"about":[{"href":"https:\/\/dom-ucenicki-kutina.skole.hr\/index.php?rest_route=\/wp\/v2\/types\/post"}],"author":[{"embeddable":true,"href":"https:\/\/dom-ucenicki-kutina.skole.hr\/index.php?rest_route=\/wp\/v2\/users\/3651"}],"replies":[{"embeddable":true,"href":"https:\/\/dom-ucenicki-kutina.skole.hr\/index.php?rest_route=%2Fwp%2Fv2%2Fcomments&post=298347"}],"version-history":[{"count":3,"href":"https:\/\/dom-ucenicki-kutina.skole.hr\/index.php?rest_route=\/wp\/v2\/posts\/298347\/revisions"}],"predecessor-version":[{"id":298368,"href":"https:\/\/dom-ucenicki-kutina.skole.hr\/index.php?rest_route=\/wp\/v2\/posts\/298347\/revisions\/298368"}],"wp:featuredmedia":[{"embeddable":true,"href":"https:\/\/dom-ucenicki-kutina.skole.hr\/index.php?rest_route=\/wp\/v2\/media\/298362"}],"wp:attachment":[{"href":"https:\/\/dom-ucenicki-kutina.skole.hr\/index.php?rest_route=%2Fwp%2Fv2%2Fmedia&parent=298347"}],"wp:term":[{"taxonomy":"category","embeddable":true,"href":"https:\/\/dom-ucenicki-kutina.skole.hr\/index.php?rest_route=%2Fwp%2Fv2%2Fcategories&post=298347"},{"taxonomy":"post_tag","embeddable":true,"href":"https:\/\/dom-ucenicki-kutina.skole.hr\/index.php?rest_route=%2Fwp%2Fv2%2Ftags&post=298347"}],"curies":[{"name":"wp","href":"https:\/\/api.w.org\/{rel}","templated":true}]}}