{"id":299031,"date":"2025-09-30T09:13:42","date_gmt":"2025-09-30T07:13:42","guid":{"rendered":"https:\/\/dom-ucenicki-kutina.skole.hr\/?p=299031"},"modified":"2025-09-30T09:13:43","modified_gmt":"2025-09-30T07:13:43","slug":"299031","status":"publish","type":"post","link":"https:\/\/dom-ucenicki-kutina.skole.hr\/?p=299031","title":{"rendered":"Useljavanje u\u010denika i roditeljski sastanci"},"content":{"rendered":"<p>[et_pb_section fb_built=&#8221;1&#8243; theme_builder_area=&#8221;post_content&#8221; _builder_version=&#8221;4.25.0&#8243; _module_preset=&#8221;default&#8221;][et_pb_row _builder_version=&#8221;4.25.0&#8243; _module_preset=&#8221;default&#8221; theme_builder_area=&#8221;post_content&#8221;][et_pb_column _builder_version=&#8221;4.25.0&#8243; _module_preset=&#8221;default&#8221; type=&#8221;4_4&#8243; theme_builder_area=&#8221;post_content&#8221;][et_pb_text _builder_version=&#8221;4.25.0&#8243; _module_preset=&#8221;default&#8221; theme_builder_area=&#8221;post_content&#8221; hover_enabled=&#8221;0&#8243; sticky_enabled=&#8221;0&#8243; text_font=&#8221;&#8211;et_global_body_font||||||||&#8221;]<\/p>\n<p>Nedjelja je prije po\u010detka \u0161kole, ali u domskom dvori\u0161tu sve vrvi od razgovora i uzbu\u0111enja.<\/p>\n<p>Prvi na redu su bili na\u0161i novoupisani u\u010denici. Dok su roditelji bili na roditeljskom sastanku, u\u010denici su se smje\u0161tali u svoje nove spavaonice\u00a0 i upoznavali sa svojim cimerima. Za roditelje je pripremljen mali domjenak, a za novoupisane u\u010denike prigodni poklon, kako bi se osje\u0107ali \u0161to ugodnije.<\/p>\n<p>[\/et_pb_text][et_pb_image src=&#8221;https:\/\/dom-ucenicki-kutina.skole.hr\/wp-content\/uploads\/sites\/2193\/2025\/09\/13.jpg&#8221; _builder_version=&#8221;4.25.0&#8243; _module_preset=&#8221;default&#8221; theme_builder_area=&#8221;post_content&#8221; title_text=&#8221;13&#8243; hover_enabled=&#8221;0&#8243; sticky_enabled=&#8221;0&#8243;][\/et_pb_image][et_pb_text _builder_version=&#8221;4.25.0&#8243; _module_preset=&#8221;default&#8221; theme_builder_area=&#8221;post_content&#8221; text_font=&#8221;&#8211;et_global_body_font||||||||&#8221; hover_enabled=&#8221;0&#8243; sticky_enabled=&#8221;0&#8243;]<\/p>\n<p>Nekima od njih je to prvo odvajanje od obitelji, te\u0161ko je i u\u010denicima i roditeljima. U Domu su svi svjesni da je to prvo odvajanje te\u0161ko i poku\u0161avaju sve kako bi adaptacija krenula \u0161to bolje i odvijala se \u0161to efikasnije.<\/p>\n<p>[\/et_pb_text][et_pb_image src=&#8221;https:\/\/dom-ucenicki-kutina.skole.hr\/wp-content\/uploads\/sites\/2193\/2025\/09\/7.jpg&#8221; _builder_version=&#8221;4.25.0&#8243; _module_preset=&#8221;default&#8221; theme_builder_area=&#8221;post_content&#8221; title_text=&#8221;7&#8243; align=&#8221;center&#8221; hover_enabled=&#8221;0&#8243; sticky_enabled=&#8221;0&#8243; width=&#8221;47%&#8221;][\/et_pb_image][et_pb_text _builder_version=&#8221;4.25.0&#8243; _module_preset=&#8221;default&#8221; theme_builder_area=&#8221;post_content&#8221; text_font=&#8221;&#8211;et_global_body_font||||||||&#8221; hover_enabled=&#8221;0&#8243; sticky_enabled=&#8221;0&#8243;]<\/p>\n<p>To bi mogao biti kratki opis po\u010detka \u0161kolske godine u U\u010deni\u010dkom domu Kutina, ali treba dodati da su taj dan odr\u017eani roditeljski sastanci i za ostale odgojne skupine. Odgajateljice su ponovile\u00a0 sve va\u017eno za\u00a0 suradnju odgajatelja i roditelja, izdvojile va\u017ene odredbe Ku\u0107nog reda i upoznale su roditelje s Protokolom o suzbijanju nasilja me\u0111u djecom i mladima. Izme\u0111u roditelja svake pojedine odgojne skupine, izabrani su \u010dlanovi za\u00a0 Vije\u0107e roditelja i obja\u0161njen im je na\u010din suradnje roditelja i Doma uz pomo\u0107 ovog Vije\u0107a.<\/p>\n<p>\u017delimo svim u\u010denicima, roditeljima i djelatnicima uspje\u0161nu novu \u0161kolsku godinu.<\/p>\n<p>&nbsp;<\/p>\n<p>[\/et_pb_text][\/et_pb_column][\/et_pb_row][\/et_pb_section]<\/p>\n","protected":false},"excerpt":{"rendered":"<p>Nedjelja je prije po\u010detka \u0161kole, ali u domskom dvori\u0161tu sve vrvi od razgovora i uzbu\u0111enja. Prvi na redu su bili na\u0161i novoupisani u\u010denici. Dok su roditelji bili na roditeljskom sastanku, u\u010denici su se smje\u0161tali u svoje nove spavaonice\u00a0 i upoznavali sa svojim cimerima. Za roditelje je pripremljen mali domjenak, a za novoupisane u\u010denike prigodni poklon, [&hellip;]<\/p>\n","protected":false},"author":3651,"featured_media":299040,"comment_status":"closed","ping_status":"closed","sticky":false,"template":"","format":"standard","meta":{"_et_pb_use_builder":"on","_et_pb_old_content":"","_et_gb_content_width":"","footnotes":""},"categories":[54,48,38],"tags":[],"class_list":["post-299031","post","type-post","status-publish","format-standard","has-post-thumbnail","hentry","category-najnovije_vijesti","category-naslovnica","category-vijesti"],"_links":{"self":[{"href":"https:\/\/dom-ucenicki-kutina.skole.hr\/index.php?rest_route=\/wp\/v2\/posts\/299031","targetHints":{"allow":["GET"]}}],"collection":[{"href":"https:\/\/dom-ucenicki-kutina.skole.hr\/index.php?rest_route=\/wp\/v2\/posts"}],"about":[{"href":"https:\/\/dom-ucenicki-kutina.skole.hr\/index.php?rest_route=\/wp\/v2\/types\/post"}],"author":[{"embeddable":true,"href":"https:\/\/dom-ucenicki-kutina.skole.hr\/index.php?rest_route=\/wp\/v2\/users\/3651"}],"replies":[{"embeddable":true,"href":"https:\/\/dom-ucenicki-kutina.skole.hr\/index.php?rest_route=%2Fwp%2Fv2%2Fcomments&post=299031"}],"version-history":[{"count":3,"href":"https:\/\/dom-ucenicki-kutina.skole.hr\/index.php?rest_route=\/wp\/v2\/posts\/299031\/revisions"}],"predecessor-version":[{"id":299052,"href":"https:\/\/dom-ucenicki-kutina.skole.hr\/index.php?rest_route=\/wp\/v2\/posts\/299031\/revisions\/299052"}],"wp:featuredmedia":[{"embeddable":true,"href":"https:\/\/dom-ucenicki-kutina.skole.hr\/index.php?rest_route=\/wp\/v2\/media\/299040"}],"wp:attachment":[{"href":"https:\/\/dom-ucenicki-kutina.skole.hr\/index.php?rest_route=%2Fwp%2Fv2%2Fmedia&parent=299031"}],"wp:term":[{"taxonomy":"category","embeddable":true,"href":"https:\/\/dom-ucenicki-kutina.skole.hr\/index.php?rest_route=%2Fwp%2Fv2%2Fcategories&post=299031"},{"taxonomy":"post_tag","embeddable":true,"href":"https:\/\/dom-ucenicki-kutina.skole.hr\/index.php?rest_route=%2Fwp%2Fv2%2Ftags&post=299031"}],"curies":[{"name":"wp","href":"https:\/\/api.w.org\/{rel}","templated":true}]}}