{"id":299085,"date":"2025-09-30T10:29:04","date_gmt":"2025-09-30T08:29:04","guid":{"rendered":"https:\/\/dom-ucenicki-kutina.skole.hr\/?p=299085"},"modified":"2025-09-30T10:29:05","modified_gmt":"2025-09-30T08:29:05","slug":"299085","status":"publish","type":"post","link":"https:\/\/dom-ucenicki-kutina.skole.hr\/?p=299085","title":{"rendered":"Program dobrodo\u0161lice &#8211; Moj an\u0111eo \u010duvar"},"content":{"rendered":"<p>[et_pb_section fb_built=&#8221;1&#8243; theme_builder_area=&#8221;post_content&#8221; _builder_version=&#8221;4.25.0&#8243; _module_preset=&#8221;default&#8221;][et_pb_row _builder_version=&#8221;4.25.0&#8243; _module_preset=&#8221;default&#8221; theme_builder_area=&#8221;post_content&#8221; min_height=&#8221;2299px&#8221;][et_pb_column _builder_version=&#8221;4.25.0&#8243; _module_preset=&#8221;default&#8221; type=&#8221;4_4&#8243; theme_builder_area=&#8221;post_content&#8221;][et_pb_text _builder_version=&#8221;4.25.0&#8243; _module_preset=&#8221;default&#8221; theme_builder_area=&#8221;post_content&#8221; hover_enabled=&#8221;0&#8243; sticky_enabled=&#8221;0&#8243; text_font=&#8221;&#8211;et_global_body_font||||||||&#8221;]<\/p>\n<p>U na\u0161em Domu ve\u0107 tradicionalno obilje\u017eavamo program dobrodo\u0161lice pod nazivom Moj an\u0111eo \u010duvar.<\/p>\n<p>[\/et_pb_text][et_pb_image src=&#8221;https:\/\/dom-ucenicki-kutina.skole.hr\/wp-content\/uploads\/sites\/2193\/2025\/09\/DSC_2682.jpg&#8221; _builder_version=&#8221;4.25.0&#8243; _module_preset=&#8221;default&#8221; theme_builder_area=&#8221;post_content&#8221; title_text=&#8221;DSC_2682&#8243; hover_enabled=&#8221;0&#8243; sticky_enabled=&#8221;0&#8243;][\/et_pb_image][et_pb_text _builder_version=&#8221;4.25.0&#8243; _module_preset=&#8221;default&#8221; theme_builder_area=&#8221;post_content&#8221; text_font=&#8221;&#8211;et_global_body_font||||||||&#8221; hover_enabled=&#8221;0&#8243; sticky_enabled=&#8221;0&#8243;]<\/p>\n<p>Svaki novi u\u010denik ima svog an\u0111ela \u00a0(starijeg u\u010denika) koji ima zadatak da ga predstavi pred starim i novim stanarima Doma. Tu se otkriju sitne, ali bitne informacije poput omiljene boje, hobija, ljubavnog statusa i sli\u010dno. An\u0111eli \u010duvari trebaju biti podr\u0161ka u snala\u017eenju u prvim danim nakon useljavanja, ali i kroz cijelu \u0161kolsku godinu. Ove godine smo predstavili \u010dak 25 novih u\u010denika.<\/p>\n<p>[\/et_pb_text][et_pb_gallery _builder_version=&#8221;4.25.0&#8243; _module_preset=&#8221;default&#8221; theme_builder_area=&#8221;post_content&#8221; gallery_ids=&#8221;299163,299160,299157,299154,299151,299148,299145,299142,299139,299136,299133,299130,299127,299124,299121,299118,299115,299112,299109,299106,299103,299100&#8243; posts_number=&#8221;22&#8243; show_title_and_caption=&#8221;off&#8221; show_pagination=&#8221;off&#8221; hover_enabled=&#8221;0&#8243; sticky_enabled=&#8221;0&#8243;][\/et_pb_gallery][et_pb_text _builder_version=&#8221;4.25.0&#8243; _module_preset=&#8221;default&#8221; theme_builder_area=&#8221;post_content&#8221; text_font=&#8221;&#8211;et_global_body_font||||||||&#8221; hover_enabled=&#8221;0&#8243; sticky_enabled=&#8221;0&#8243;]<\/p>\n<p>Okupili smo se u domskom dvori\u0161tu i zapo\u010deli program s par recitacija koje su izvele \u010dlanice na\u0161e Dramsko-recitatorske skupine.<\/p>\n<p>[\/et_pb_text][et_pb_image src=&#8221;https:\/\/dom-ucenicki-kutina.skole.hr\/wp-content\/uploads\/sites\/2193\/2025\/09\/DSC_2682.jpg&#8221; _builder_version=&#8221;4.25.0&#8243; _module_preset=&#8221;default&#8221; theme_builder_area=&#8221;post_content&#8221; title_text=&#8221;DSC_2682&#8243; hover_enabled=&#8221;0&#8243; sticky_enabled=&#8221;0&#8243;][\/et_pb_image][et_pb_text _builder_version=&#8221;4.25.0&#8243; _module_preset=&#8221;default&#8221; theme_builder_area=&#8221;post_content&#8221; text_font=&#8221;&#8211;et_global_body_font||||||||&#8221; hover_enabled=&#8221;0&#8243; sticky_enabled=&#8221;0&#8243;]<\/p>\n<p>Svaki\u00a0 program je neizostavan bez na\u0161e ravnateljice koja je po\u017eeljela dobrodo\u0161licu svim novoupisanim u\u010denicima i uspje\u0161nu \u0161kolsku godinu svim stanarima doma.<\/p>\n<p>[\/et_pb_text][et_pb_image src=&#8221;https:\/\/dom-ucenicki-kutina.skole.hr\/wp-content\/uploads\/sites\/2193\/2025\/09\/DSC_2996.jpg&#8221; _builder_version=&#8221;4.25.0&#8243; _module_preset=&#8221;default&#8221; theme_builder_area=&#8221;post_content&#8221; title_text=&#8221;DSC_2996&#8243; hover_enabled=&#8221;0&#8243; sticky_enabled=&#8221;0&#8243;][\/et_pb_image][et_pb_text _builder_version=&#8221;4.25.0&#8243; _module_preset=&#8221;default&#8221; theme_builder_area=&#8221;post_content&#8221; text_font=&#8221;&#8211;et_global_body_font||||||||&#8221; hover_enabled=&#8221;0&#8243; sticky_enabled=&#8221;0&#8243;]<\/p>\n<p>Program je zavr\u0161io zajedni\u010dkom igrom glazbene stolice, gdje je pobijedio u\u010denik II. odgojne skupine, Tomislav Puji\u0107.<\/p>\n<p>[\/et_pb_text][et_pb_image src=&#8221;https:\/\/dom-ucenicki-kutina.skole.hr\/wp-content\/uploads\/sites\/2193\/2025\/09\/DSC_3032.jpg&#8221; _builder_version=&#8221;4.25.0&#8243; _module_preset=&#8221;default&#8221; theme_builder_area=&#8221;post_content&#8221; title_text=&#8221;DSC_3032&#8243; hover_enabled=&#8221;0&#8243; sticky_enabled=&#8221;0&#8243;][\/et_pb_image][et_pb_image src=&#8221;https:\/\/dom-ucenicki-kutina.skole.hr\/wp-content\/uploads\/sites\/2193\/2025\/09\/DSC_3160.jpg&#8221; _builder_version=&#8221;4.25.0&#8243; _module_preset=&#8221;default&#8221; theme_builder_area=&#8221;post_content&#8221; title_text=&#8221;DSC_3160&#8243; align=&#8221;center&#8221; hover_enabled=&#8221;0&#8243; sticky_enabled=&#8221;0&#8243;][\/et_pb_image][\/et_pb_column][\/et_pb_row][\/et_pb_section]<\/p>\n","protected":false},"excerpt":{"rendered":"<p>U na\u0161em Domu ve\u0107 tradicionalno obilje\u017eavamo program dobrodo\u0161lice pod nazivom Moj an\u0111eo \u010duvar.Svaki novi u\u010denik ima svog an\u0111ela \u00a0(starijeg u\u010denika) koji ima zadatak da ga predstavi pred starim i novim stanarima Doma. Tu se otkriju sitne, ali bitne informacije poput omiljene boje, hobija, ljubavnog statusa i sli\u010dno. An\u0111eli \u010duvari trebaju biti podr\u0161ka u snala\u017eenju u [&hellip;]<\/p>\n","protected":false},"author":3651,"featured_media":299094,"comment_status":"closed","ping_status":"closed","sticky":false,"template":"","format":"standard","meta":{"_et_pb_use_builder":"on","_et_pb_old_content":"","_et_gb_content_width":"","footnotes":""},"categories":[54,48,38],"tags":[],"class_list":["post-299085","post","type-post","status-publish","format-standard","has-post-thumbnail","hentry","category-najnovije_vijesti","category-naslovnica","category-vijesti"],"_links":{"self":[{"href":"https:\/\/dom-ucenicki-kutina.skole.hr\/index.php?rest_route=\/wp\/v2\/posts\/299085","targetHints":{"allow":["GET"]}}],"collection":[{"href":"https:\/\/dom-ucenicki-kutina.skole.hr\/index.php?rest_route=\/wp\/v2\/posts"}],"about":[{"href":"https:\/\/dom-ucenicki-kutina.skole.hr\/index.php?rest_route=\/wp\/v2\/types\/post"}],"author":[{"embeddable":true,"href":"https:\/\/dom-ucenicki-kutina.skole.hr\/index.php?rest_route=\/wp\/v2\/users\/3651"}],"replies":[{"embeddable":true,"href":"https:\/\/dom-ucenicki-kutina.skole.hr\/index.php?rest_route=%2Fwp%2Fv2%2Fcomments&post=299085"}],"version-history":[{"count":3,"href":"https:\/\/dom-ucenicki-kutina.skole.hr\/index.php?rest_route=\/wp\/v2\/posts\/299085\/revisions"}],"predecessor-version":[{"id":299184,"href":"https:\/\/dom-ucenicki-kutina.skole.hr\/index.php?rest_route=\/wp\/v2\/posts\/299085\/revisions\/299184"}],"wp:featuredmedia":[{"embeddable":true,"href":"https:\/\/dom-ucenicki-kutina.skole.hr\/index.php?rest_route=\/wp\/v2\/media\/299094"}],"wp:attachment":[{"href":"https:\/\/dom-ucenicki-kutina.skole.hr\/index.php?rest_route=%2Fwp%2Fv2%2Fmedia&parent=299085"}],"wp:term":[{"taxonomy":"category","embeddable":true,"href":"https:\/\/dom-ucenicki-kutina.skole.hr\/index.php?rest_route=%2Fwp%2Fv2%2Fcategories&post=299085"},{"taxonomy":"post_tag","embeddable":true,"href":"https:\/\/dom-ucenicki-kutina.skole.hr\/index.php?rest_route=%2Fwp%2Fv2%2Ftags&post=299085"}],"curies":[{"name":"wp","href":"https:\/\/api.w.org\/{rel}","templated":true}]}}