{"id":299223,"date":"2025-10-09T09:14:40","date_gmt":"2025-10-09T07:14:40","guid":{"rendered":"https:\/\/dom-ucenicki-kutina.skole.hr\/?p=299223"},"modified":"2025-10-09T09:15:11","modified_gmt":"2025-10-09T07:15:11","slug":"299223","status":"publish","type":"post","link":"https:\/\/dom-ucenicki-kutina.skole.hr\/?p=299223","title":{"rendered":"Prostor moje slobode &#8211; rad u\u010denice"},"content":{"rendered":"<p>[et_pb_section fb_built=&#8221;1&#8243; _builder_version=&#8221;4.25.0&#8243; _module_preset=&#8221;default&#8221; global_colors_info=&#8221;{}&#8221;][et_pb_row _builder_version=&#8221;4.25.0&#8243; _module_preset=&#8221;default&#8221; global_colors_info=&#8221;{}&#8221;][et_pb_column type=&#8221;4_4&#8243; _builder_version=&#8221;4.25.0&#8243; _module_preset=&#8221;default&#8221; global_colors_info=&#8221;{}&#8221;][et_pb_text _builder_version=&#8221;4.25.0&#8243; _module_preset=&#8221;default&#8221; text_font=&#8221;&#8211;et_global_body_font||||||||&#8221; global_colors_info=&#8221;{}&#8221;]<\/p>\n<p>\u00a0 \u00a0 \u00a0 \u00a0 \u00a0 \u00a0 \u00a0 \u00a0 Svatko od nas ima svoje posebno mjesto gdje se osje\u0107a opu\u0161teno, sigurno i\u00a0 slobodno. To mjesto ne mora uvijek biti prostorija ili mjesto na zemljopisnoj karti. Mo\u017ee biti i osoba ili ve\u0107a skupina ljudi, tako\u0111er mo\u017ee biti i stanje uma ili trenutci kada mo\u017eemo biti ono \u0161to jesmo bez pritiska i o\u010dekivanja drugih. Kada razmi\u0161ljam o svom prostoru slobode, prvo mi na pamet pada mjesto gdje nestaju sve brige i gdje se osje\u0107am sretno i sigurno. To je prostor u kojem moj um utihne od problema.<\/p>\n<p>\u00a0\u00a0\u00a0\u00a0\u00a0\u00a0\u00a0\u00a0\u00a0\u00a0\u00a0\u00a0\u00a0\u00a0\u00a0 Moj prostor slobode je U\u010deni\u010dki dom Kutina. To je moj mali svijet u kojem mi sve ima neki smisao. Iako sam tek nedavno do\u0161la ovaj dom je u\u010dinio moj \u017eivot potpunim. Bila sam u\u017easno prestra\u0161ena i nervozna, bojala sam se promjene, novog poglavlja \u017eivota, ali sam shvatila da je dom ba\u0161 ono \u0161to mi je u ovom periodu \u017eivota bilo potrebno. Upoznala sam puno novih ljudi i sklopila puno novih vrijednih prijateljstava. U domu ne moram glumiti i pretvarati se, dovoljno je da budem ja kako bi se uklopila. To je ono \u0161to \u010dini ovaj dom mojim mjestom slobode. Tako\u0111er imamo krasne odgajateljice koje su uvijek tu da nam pomognu, razgovaraju s nama i poku\u0161aju rije\u0161iti bilo kakav problem. Osim doma kao fizi\u010dkog prostora, slobodu osje\u0107am i sa u\u010denicima doma, pro\u0161la su tri tjedna od kako sam do\u0161la i u ta tri tjedna\u00a0 shvatila sam koliko me prihva\u0107aju i cijene. Rije\u010d \u201edom\u201c u potpunosti odgovara\u00a0 nazivu ustanove. Ovdje se osje\u0107am opu\u0161teno i prihva\u0107eno, dom polako postaje moja druga ku\u0107a. Osim u\u010denika i odgajateljica dobrodo\u0161licu mi je pokazala na\u0161a ravnateljica Vesna. Dom me podsjetio tko sam zapravo ja i pokazao mi je moju vrijednost. Prostor moje slobode nije uvijek vezan uz mjesto nego i uz trenutke s dragim i vrijednim osobama.<\/p>\n<p>\u00a0\u00a0\u00a0\u00a0\u00a0\u00a0\u00a0\u00a0\u00a0\u00a0\u00a0\u00a0\u00a0\u00a0\u00a0 Prostor moje slobode mjesto je gdje sam prona\u0161la sebe i svoj mir. Svijet se \u010desto okrene protiv mene, ali sam u domu shvatila da \u0107e sve do\u0107i na svoje samo trebam biti strpljiva i razumna. Beskrajno sam zahvalna svim djelatnicima i u\u010denicima doma jer sam prona\u0161la svoj mali raj, svoj prostor slobode U\u010deni\u010dki dom Kutina!<\/p>\n<p>Aurora Lozan\u010di\u0107<\/p>\n<p>[\/et_pb_text][\/et_pb_column][\/et_pb_row][\/et_pb_section]<\/p>\n","protected":false},"excerpt":{"rendered":"<p>\u00a0 \u00a0 \u00a0 \u00a0 \u00a0 \u00a0 \u00a0 \u00a0 Svatko od nas ima svoje posebno mjesto gdje se osje\u0107a opu\u0161teno, sigurno i\u00a0 slobodno. To mjesto ne mora uvijek biti prostorija ili mjesto na zemljopisnoj karti. Mo\u017ee biti i osoba ili ve\u0107a skupina ljudi, tako\u0111er mo\u017ee biti i stanje uma ili trenutci kada mo\u017eemo biti ono \u0161to [&hellip;]<\/p>\n","protected":false},"author":3651,"featured_media":299232,"comment_status":"closed","ping_status":"closed","sticky":false,"template":"","format":"standard","meta":{"_et_pb_use_builder":"on","_et_pb_old_content":"","_et_gb_content_width":"","footnotes":""},"categories":[54,48,38],"tags":[],"class_list":["post-299223","post","type-post","status-publish","format-standard","has-post-thumbnail","hentry","category-najnovije_vijesti","category-naslovnica","category-vijesti"],"_links":{"self":[{"href":"https:\/\/dom-ucenicki-kutina.skole.hr\/index.php?rest_route=\/wp\/v2\/posts\/299223","targetHints":{"allow":["GET"]}}],"collection":[{"href":"https:\/\/dom-ucenicki-kutina.skole.hr\/index.php?rest_route=\/wp\/v2\/posts"}],"about":[{"href":"https:\/\/dom-ucenicki-kutina.skole.hr\/index.php?rest_route=\/wp\/v2\/types\/post"}],"author":[{"embeddable":true,"href":"https:\/\/dom-ucenicki-kutina.skole.hr\/index.php?rest_route=\/wp\/v2\/users\/3651"}],"replies":[{"embeddable":true,"href":"https:\/\/dom-ucenicki-kutina.skole.hr\/index.php?rest_route=%2Fwp%2Fv2%2Fcomments&post=299223"}],"version-history":[{"count":5,"href":"https:\/\/dom-ucenicki-kutina.skole.hr\/index.php?rest_route=\/wp\/v2\/posts\/299223\/revisions"}],"predecessor-version":[{"id":299244,"href":"https:\/\/dom-ucenicki-kutina.skole.hr\/index.php?rest_route=\/wp\/v2\/posts\/299223\/revisions\/299244"}],"wp:featuredmedia":[{"embeddable":true,"href":"https:\/\/dom-ucenicki-kutina.skole.hr\/index.php?rest_route=\/wp\/v2\/media\/299232"}],"wp:attachment":[{"href":"https:\/\/dom-ucenicki-kutina.skole.hr\/index.php?rest_route=%2Fwp%2Fv2%2Fmedia&parent=299223"}],"wp:term":[{"taxonomy":"category","embeddable":true,"href":"https:\/\/dom-ucenicki-kutina.skole.hr\/index.php?rest_route=%2Fwp%2Fv2%2Fcategories&post=299223"},{"taxonomy":"post_tag","embeddable":true,"href":"https:\/\/dom-ucenicki-kutina.skole.hr\/index.php?rest_route=%2Fwp%2Fv2%2Ftags&post=299223"}],"curies":[{"name":"wp","href":"https:\/\/api.w.org\/{rel}","templated":true}]}}