{"id":299379,"date":"2025-10-17T13:28:01","date_gmt":"2025-10-17T11:28:01","guid":{"rendered":"https:\/\/dom-ucenicki-kutina.skole.hr\/?p=299379"},"modified":"2025-10-17T13:28:02","modified_gmt":"2025-10-17T11:28:02","slug":"299379","status":"publish","type":"post","link":"https:\/\/dom-ucenicki-kutina.skole.hr\/?p=299379","title":{"rendered":"Posjet Domu za starije i nemo\u0107ne osobe"},"content":{"rendered":"<p>[et_pb_section fb_built=&#8221;1&#8243; theme_builder_area=&#8221;post_content&#8221; _builder_version=&#8221;4.25.0&#8243; _module_preset=&#8221;default&#8221;][et_pb_row _builder_version=&#8221;4.25.0&#8243; _module_preset=&#8221;default&#8221; theme_builder_area=&#8221;post_content&#8221;][et_pb_column _builder_version=&#8221;4.25.0&#8243; _module_preset=&#8221;default&#8221; type=&#8221;4_4&#8243; theme_builder_area=&#8221;post_content&#8221;][et_pb_text _builder_version=&#8221;4.25.0&#8243; _module_preset=&#8221;default&#8221; theme_builder_area=&#8221;post_content&#8221; text_font=&#8221;&#8211;et_global_body_font||||||||&#8221; hover_enabled=&#8221;0&#8243; sticky_enabled=&#8221;0&#8243;]<\/p>\n<p>\u00a0Uz Me\u0111unarodni dan starijih osoba u\u010denici Jan \u010cernu\u0161ak i Sara Marti\u0107, u pratnji ravnateljice i odgajateljice Petre, posjetili su dom za starije osobe Sisak, dislocirana jedinica Kutina, kako bi razveselili njegove korisnike. Tijekom posjete dijelili su doma\u0107e kola\u010de koje su pripremile domske kuharice\u00a0 te se srda\u010dno dru\u017eili sa starijim osobama.<\/p>\n<p>[\/et_pb_text][et_pb_image src=&#8221;https:\/\/dom-ucenicki-kutina.skole.hr\/wp-content\/uploads\/sites\/2193\/2025\/10\/6a01c065-ab29-4819-b225-9d0edc358a06.jpg&#8221; _builder_version=&#8221;4.25.0&#8243; _module_preset=&#8221;default&#8221; theme_builder_area=&#8221;post_content&#8221; title_text=&#8221;6a01c065-ab29-4819-b225-9d0edc358a06&#8243; hover_enabled=&#8221;0&#8243; sticky_enabled=&#8221;0&#8243; align=&#8221;center&#8221;][\/et_pb_image][et_pb_text _builder_version=&#8221;4.25.0&#8243; _module_preset=&#8221;default&#8221; theme_builder_area=&#8221;post_content&#8221; text_font=&#8221;&#8211;et_global_body_font||||||||&#8221; hover_enabled=&#8221;0&#8243; sticky_enabled=&#8221;0&#8243;]<\/p>\n<p>&nbsp;<\/p>\n<p>Ovaj lijep \u010din donio je mnogo osmijeha i topline, kako korisnicima doma, tako i samim u\u010denicima. Stariji su rado podijelili svoje pri\u010de i uspomene, a Jan i Sara pa\u017eljivo su ih slu\u0161ali, pokazuju\u0107i po\u0161tovanje i iskrenu zainteresiranost.<\/p>\n<p>&nbsp;<\/p>\n<p>Ravnateljica i odgajateljica Petra istaknule su va\u017enost ovakvih susreta koji povezuju generacije i poti\u010du empatiju kod mladih. Me\u0111unarodni dan starijih osoba obilje\u017een je na najbolji mogu\u0107i na\u010din susretom mladih i starijih osoba, susretom s osmjehom i srcem.<\/p>\n<p>[\/et_pb_text][et_pb_image src=&#8221;https:\/\/dom-ucenicki-kutina.skole.hr\/wp-content\/uploads\/sites\/2193\/2025\/10\/0be1b62e-8d47-4074-82f1-0684418fe38e.jpg&#8221; _builder_version=&#8221;4.25.0&#8243; _module_preset=&#8221;default&#8221; theme_builder_area=&#8221;post_content&#8221; title_text=&#8221;0be1b62e-8d47-4074-82f1-0684418fe38e&#8221; align=&#8221;center&#8221; hover_enabled=&#8221;0&#8243; sticky_enabled=&#8221;0&#8243;][\/et_pb_image][et_pb_text _builder_version=&#8221;4.25.0&#8243; _module_preset=&#8221;default&#8221; theme_builder_area=&#8221;post_content&#8221; text_font=&#8221;&#8211;et_global_body_font||||||||&#8221; hover_enabled=&#8221;0&#8243; sticky_enabled=&#8221;0&#8243;]<\/p>\n<p>Ovakve susrete namjeravamo nastaviti, posebno uz Bo\u017ei\u0107ne blagdane i tako poku\u0161ati ponovno\u00a0\u00a0 izmamiti osmjeh na njihova lica.<\/p>\n<p>Ovo\u00a0 nam je podsjetnik koliko malo treba da se nekome uljep\u0161a dan.<\/p>\n<p>Sara Marti\u0107<\/p>\n<p>[\/et_pb_text][\/et_pb_column][\/et_pb_row][\/et_pb_section]<\/p>\n","protected":false},"excerpt":{"rendered":"<p>\u00a0Uz Me\u0111unarodni dan starijih osoba u\u010denici Jan \u010cernu\u0161ak i Sara Marti\u0107, u pratnji ravnateljice i odgajateljice Petre, posjetili su dom za starije osobe Sisak, dislocirana jedinica Kutina, kako bi razveselili njegove korisnike. Tijekom posjete dijelili su doma\u0107e kola\u010de koje su pripremile domske kuharice\u00a0 te se srda\u010dno dru\u017eili sa starijim osobama.&nbsp; Ovaj lijep \u010din donio je [&hellip;]<\/p>\n","protected":false},"author":3651,"featured_media":299394,"comment_status":"closed","ping_status":"closed","sticky":false,"template":"","format":"standard","meta":{"_et_pb_use_builder":"on","_et_pb_old_content":"","_et_gb_content_width":"","footnotes":""},"categories":[54,48,38],"tags":[],"class_list":["post-299379","post","type-post","status-publish","format-standard","has-post-thumbnail","hentry","category-najnovije_vijesti","category-naslovnica","category-vijesti"],"_links":{"self":[{"href":"https:\/\/dom-ucenicki-kutina.skole.hr\/index.php?rest_route=\/wp\/v2\/posts\/299379","targetHints":{"allow":["GET"]}}],"collection":[{"href":"https:\/\/dom-ucenicki-kutina.skole.hr\/index.php?rest_route=\/wp\/v2\/posts"}],"about":[{"href":"https:\/\/dom-ucenicki-kutina.skole.hr\/index.php?rest_route=\/wp\/v2\/types\/post"}],"author":[{"embeddable":true,"href":"https:\/\/dom-ucenicki-kutina.skole.hr\/index.php?rest_route=\/wp\/v2\/users\/3651"}],"replies":[{"embeddable":true,"href":"https:\/\/dom-ucenicki-kutina.skole.hr\/index.php?rest_route=%2Fwp%2Fv2%2Fcomments&post=299379"}],"version-history":[{"count":3,"href":"https:\/\/dom-ucenicki-kutina.skole.hr\/index.php?rest_route=\/wp\/v2\/posts\/299379\/revisions"}],"predecessor-version":[{"id":299400,"href":"https:\/\/dom-ucenicki-kutina.skole.hr\/index.php?rest_route=\/wp\/v2\/posts\/299379\/revisions\/299400"}],"wp:featuredmedia":[{"embeddable":true,"href":"https:\/\/dom-ucenicki-kutina.skole.hr\/index.php?rest_route=\/wp\/v2\/media\/299394"}],"wp:attachment":[{"href":"https:\/\/dom-ucenicki-kutina.skole.hr\/index.php?rest_route=%2Fwp%2Fv2%2Fmedia&parent=299379"}],"wp:term":[{"taxonomy":"category","embeddable":true,"href":"https:\/\/dom-ucenicki-kutina.skole.hr\/index.php?rest_route=%2Fwp%2Fv2%2Fcategories&post=299379"},{"taxonomy":"post_tag","embeddable":true,"href":"https:\/\/dom-ucenicki-kutina.skole.hr\/index.php?rest_route=%2Fwp%2Fv2%2Ftags&post=299379"}],"curies":[{"name":"wp","href":"https:\/\/api.w.org\/{rel}","templated":true}]}}