{"id":300411,"date":"2025-11-30T18:00:48","date_gmt":"2025-11-30T17:00:48","guid":{"rendered":"https:\/\/dom-ucenicki-kutina.skole.hr\/?p=300411"},"modified":"2025-11-30T18:20:16","modified_gmt":"2025-11-30T17:20:16","slug":"300411","status":"publish","type":"post","link":"https:\/\/dom-ucenicki-kutina.skole.hr\/?p=300411","title":{"rendered":"DAN SJE\u0106ANJA NA \u017dRTVE DOMOVINSKOG RATA,DAN SJE\u0106ANJA NA \u017dRTVU VUKOVARA I \u0160KABRNJE"},"content":{"rendered":"<p>[et_pb_section fb_built=&#8221;1&#8243; _builder_version=&#8221;4.25.0&#8243; _module_preset=&#8221;default&#8221; global_colors_info=&#8221;{}&#8221;][et_pb_row _builder_version=&#8221;4.25.0&#8243; _module_preset=&#8221;default&#8221; global_colors_info=&#8221;{}&#8221;][et_pb_column type=&#8221;4_4&#8243; _builder_version=&#8221;4.25.0&#8243; _module_preset=&#8221;default&#8221; global_colors_info=&#8221;{}&#8221;][et_pb_text _builder_version=&#8221;4.25.0&#8243; _module_preset=&#8221;default&#8221; text_font=&#8221;&#8211;et_global_body_font||||||||&#8221; global_colors_info=&#8221;{}&#8221;]<\/p>\n<p>U okviru obitelji, svatko na svoj na\u010din, pro\u017eivio je ovaj spomendan, a prilikom povratka u Dom bilo je posebno dirljivo. Okupiti smo se u znak pijeteta i zapalili svije\u0107u ispred na\u0161eg Doma. Mo\u017eda nije puno, ali nekako kao da smo i mi ne\u0161to u\u010dinili u spomen heroja i \u017ertava Domovinskog rata .<\/p>\n<p>[\/et_pb_text][et_pb_image src=&#8221;https:\/\/dom-ucenicki-kutina.skole.hr\/wp-content\/uploads\/sites\/2193\/2025\/11\/d3591d91-f645-4f3b-8505-03f97f788a63.jpg&#8221; title_text=&#8221;d3591d91-f645-4f3b-8505-03f97f788a63&#8243; _builder_version=&#8221;4.25.0&#8243; _module_preset=&#8221;default&#8221; global_colors_info=&#8221;{}&#8221;][\/et_pb_image][et_pb_text _builder_version=&#8221;4.25.0&#8243; _module_preset=&#8221;default&#8221; text_font=&#8221;&#8211;et_global_body_font||||||||&#8221; global_colors_info=&#8221;{}&#8221;]<\/p>\n<p>Svaki kamen u Vukovaru pri\u010da svoju pri\u010du, svatko bi mogao prepri\u010dati barem jednu tu\u017enu sudbinu, ali pjesnici to bolje rade pa smo po dolasku u Dom u organizaciji odgajateljice D\u017eemile, poslu\u0161ali nekoliko stihova pjesnika i uz prigodnu glazbu, palili lampione. Osje\u0107ali smo zahvalnost i \u010dast \u0161to \u017eivimo u slobodnoj Hrvatskoj .<\/p>\n<p>[\/et_pb_text][et_pb_text _builder_version=&#8221;4.25.0&#8243; _module_preset=&#8221;default&#8221; text_font=&#8221;&#8211;et_global_body_font||||||||&#8221; global_colors_info=&#8221;{}&#8221;]<\/p>\n<p>Program je drugi dan nastavila odgajateljica Petra sa sadr\u017eajima o Borovu naselju, Ov\u010dari, Vukovarskom tornju i sl. Novinari i knji\u017eni\u010dari su se tako\u0111er okupili razgovarati o emocijama koje pobu\u0111uje spomen na Vukovar. U\u010denice su iznosile potresna sje\u0107anja na boravak u Vukovaru , gdje su bili sa svojim \u0161kolama . Nikoga ovaj dan 18.11. nije ostavio ravnodu\u0161nim .<\/p>\n<p>&nbsp;<\/p>\n<p>Ana Kolak<\/p>\n<p>[\/et_pb_text][et_pb_gallery gallery_ids=&#8221;300435,300438,300441,300447&#8243; show_title_and_caption=&#8221;off&#8221; show_pagination=&#8221;off&#8221; _builder_version=&#8221;4.25.0&#8243; _module_preset=&#8221;default&#8221; module_alignment=&#8221;center&#8221; global_colors_info=&#8221;{}&#8221;][\/et_pb_gallery][\/et_pb_column][\/et_pb_row][\/et_pb_section]<\/p>\n","protected":false},"excerpt":{"rendered":"<p>U okviru obitelji, svatko na svoj na\u010din, pro\u017eivio je ovaj spomendan, a prilikom povratka u Dom bilo je posebno dirljivo. Okupiti smo se u znak pijeteta i zapalili svije\u0107u ispred na\u0161eg Doma. Mo\u017eda nije puno, ali nekako kao da smo i mi ne\u0161to u\u010dinili u spomen heroja i \u017ertava Domovinskog rata .Svaki kamen u Vukovaru [&hellip;]<\/p>\n","protected":false},"author":4279,"featured_media":300450,"comment_status":"closed","ping_status":"closed","sticky":false,"template":"","format":"standard","meta":{"_et_pb_use_builder":"on","_et_pb_old_content":"","_et_gb_content_width":"","footnotes":""},"categories":[54,48,38],"tags":[],"class_list":["post-300411","post","type-post","status-publish","format-standard","has-post-thumbnail","hentry","category-najnovije_vijesti","category-naslovnica","category-vijesti"],"_links":{"self":[{"href":"https:\/\/dom-ucenicki-kutina.skole.hr\/index.php?rest_route=\/wp\/v2\/posts\/300411","targetHints":{"allow":["GET"]}}],"collection":[{"href":"https:\/\/dom-ucenicki-kutina.skole.hr\/index.php?rest_route=\/wp\/v2\/posts"}],"about":[{"href":"https:\/\/dom-ucenicki-kutina.skole.hr\/index.php?rest_route=\/wp\/v2\/types\/post"}],"author":[{"embeddable":true,"href":"https:\/\/dom-ucenicki-kutina.skole.hr\/index.php?rest_route=\/wp\/v2\/users\/4279"}],"replies":[{"embeddable":true,"href":"https:\/\/dom-ucenicki-kutina.skole.hr\/index.php?rest_route=%2Fwp%2Fv2%2Fcomments&post=300411"}],"version-history":[{"count":8,"href":"https:\/\/dom-ucenicki-kutina.skole.hr\/index.php?rest_route=\/wp\/v2\/posts\/300411\/revisions"}],"predecessor-version":[{"id":300459,"href":"https:\/\/dom-ucenicki-kutina.skole.hr\/index.php?rest_route=\/wp\/v2\/posts\/300411\/revisions\/300459"}],"wp:featuredmedia":[{"embeddable":true,"href":"https:\/\/dom-ucenicki-kutina.skole.hr\/index.php?rest_route=\/wp\/v2\/media\/300450"}],"wp:attachment":[{"href":"https:\/\/dom-ucenicki-kutina.skole.hr\/index.php?rest_route=%2Fwp%2Fv2%2Fmedia&parent=300411"}],"wp:term":[{"taxonomy":"category","embeddable":true,"href":"https:\/\/dom-ucenicki-kutina.skole.hr\/index.php?rest_route=%2Fwp%2Fv2%2Fcategories&post=300411"},{"taxonomy":"post_tag","embeddable":true,"href":"https:\/\/dom-ucenicki-kutina.skole.hr\/index.php?rest_route=%2Fwp%2Fv2%2Ftags&post=300411"}],"curies":[{"name":"wp","href":"https:\/\/api.w.org\/{rel}","templated":true}]}}