{"id":300888,"date":"2026-01-12T08:14:56","date_gmt":"2026-01-12T07:14:56","guid":{"rendered":"https:\/\/dom-ucenicki-kutina.skole.hr\/?p=300888"},"modified":"2026-01-12T08:14:57","modified_gmt":"2026-01-12T07:14:57","slug":"300888","status":"publish","type":"post","link":"https:\/\/dom-ucenicki-kutina.skole.hr\/?p=300888","title":{"rendered":"Bo\u017ei\u0107ne pripreme u Domu"},"content":{"rendered":"<p>[et_pb_section fb_built=&#8221;1&#8243; theme_builder_area=&#8221;post_content&#8221; _builder_version=&#8221;4.25.0&#8243; _module_preset=&#8221;default&#8221;][et_pb_row _builder_version=&#8221;4.25.0&#8243; _module_preset=&#8221;default&#8221; theme_builder_area=&#8221;post_content&#8221;][et_pb_column _builder_version=&#8221;4.25.0&#8243; _module_preset=&#8221;default&#8221; type=&#8221;4_4&#8243; theme_builder_area=&#8221;post_content&#8221;][et_pb_text _builder_version=&#8221;4.25.0&#8243; _module_preset=&#8221;default&#8221; theme_builder_area=&#8221;post_content&#8221; hover_enabled=&#8221;0&#8243; sticky_enabled=&#8221;0&#8243;]<\/p>\n<p>Po\u010delo je Bo\u017ei\u0107no vrijeme, vrijeme radosti, veselja i zajedni\u0161tva. Uredili smo dom kako bi atmosfera bila toplija i kako bi se osje\u0107ao bo\u017ei\u0107ni ugo\u0111aj. Izradili smo ukrase od papira, poput an\u0111ela za bo\u017ei\u0107no drvce i malih \u0161arenih bori\u0107a.<\/p>\n<p>[\/et_pb_text][et_pb_image src=&#8221;https:\/\/dom-ucenicki-kutina.skole.hr\/wp-content\/uploads\/sites\/2193\/2026\/01\/df769cb3-6645-4b70-860c-a160739f852b.jpg&#8221; _builder_version=&#8221;4.25.0&#8243; _module_preset=&#8221;default&#8221; theme_builder_area=&#8221;post_content&#8221; title_text=&#8221;df769cb3-6645-4b70-860c-a160739f852b&#8221; hover_enabled=&#8221;0&#8243; sticky_enabled=&#8221;0&#8243;][\/et_pb_image][et_pb_text _builder_version=&#8221;4.25.0&#8243; _module_preset=&#8221;default&#8221; theme_builder_area=&#8221;post_content&#8221; hover_enabled=&#8221;0&#8243; sticky_enabled=&#8221;0&#8243;]<\/p>\n<p>Posebno su se istaknuli u\u010denici prve odgojne skupine u izradi ukrasa, ali i svi ostali koji \u017eele da na\u0161 dom izgleda ljep\u0161e u ovo bo\u017ei\u0107no vrijeme. Bli\u017ei nam se i bo\u017ei\u0107ni program pa su tako izra\u0111ivali krila, kostime i ostale rekvizite za sve\u010dani program.<\/p>\n<p>[\/et_pb_text][et_pb_image src=&#8221;https:\/\/dom-ucenicki-kutina.skole.hr\/wp-content\/uploads\/sites\/2193\/2026\/01\/b8302b79-a333-47c9-b867-a10e3e87dc5f.jpg&#8221; _builder_version=&#8221;4.25.0&#8243; _module_preset=&#8221;default&#8221; theme_builder_area=&#8221;post_content&#8221; title_text=&#8221;b8302b79-a333-47c9-b867-a10e3e87dc5f&#8221; hover_enabled=&#8221;0&#8243; sticky_enabled=&#8221;0&#8243;][\/et_pb_image][et_pb_text _builder_version=&#8221;4.25.0&#8243; _module_preset=&#8221;default&#8221; theme_builder_area=&#8221;post_content&#8221; hover_enabled=&#8221;0&#8243; sticky_enabled=&#8221;0&#8243;]<\/p>\n<p>Postavili smo lampice i bo\u017ei\u0107na drvca, koja su uredili M. J. i M. P. Na prozore su E. Z., M. \u010c. i K. S. oslikali zimske motive i tako u\u010dinili dom zanimljivijim. Uredili smo spavaonice, zbornicu, blagovaonicu, sve mogu\u0107e prostorije na\u0161eg doma kako bi smo osjetili bo\u017ei\u0107ni duh.<\/p>\n<p>&nbsp;<\/p>\n<p>E. J.<\/p>\n<p>[\/et_pb_text][\/et_pb_column][\/et_pb_row][\/et_pb_section]<\/p>\n","protected":false},"excerpt":{"rendered":"<p>Po\u010delo je Bo\u017ei\u0107no vrijeme, vrijeme radosti, veselja i zajedni\u0161tva. Uredili smo dom kako bi atmosfera bila toplija i kako bi se osje\u0107ao bo\u017ei\u0107ni ugo\u0111aj. Izradili smo ukrase od papira, poput an\u0111ela za bo\u017ei\u0107no drvce i malih \u0161arenih bori\u0107a.Posebno su se istaknuli u\u010denici prve odgojne skupine u izradi ukrasa, ali i svi ostali koji \u017eele da [&hellip;]<\/p>\n","protected":false},"author":3651,"featured_media":300903,"comment_status":"closed","ping_status":"closed","sticky":false,"template":"","format":"standard","meta":{"_et_pb_use_builder":"on","_et_pb_old_content":"","_et_gb_content_width":"","footnotes":""},"categories":[54,48,38],"tags":[],"class_list":["post-300888","post","type-post","status-publish","format-standard","has-post-thumbnail","hentry","category-najnovije_vijesti","category-naslovnica","category-vijesti"],"_links":{"self":[{"href":"https:\/\/dom-ucenicki-kutina.skole.hr\/index.php?rest_route=\/wp\/v2\/posts\/300888","targetHints":{"allow":["GET"]}}],"collection":[{"href":"https:\/\/dom-ucenicki-kutina.skole.hr\/index.php?rest_route=\/wp\/v2\/posts"}],"about":[{"href":"https:\/\/dom-ucenicki-kutina.skole.hr\/index.php?rest_route=\/wp\/v2\/types\/post"}],"author":[{"embeddable":true,"href":"https:\/\/dom-ucenicki-kutina.skole.hr\/index.php?rest_route=\/wp\/v2\/users\/3651"}],"replies":[{"embeddable":true,"href":"https:\/\/dom-ucenicki-kutina.skole.hr\/index.php?rest_route=%2Fwp%2Fv2%2Fcomments&post=300888"}],"version-history":[{"count":3,"href":"https:\/\/dom-ucenicki-kutina.skole.hr\/index.php?rest_route=\/wp\/v2\/posts\/300888\/revisions"}],"predecessor-version":[{"id":300912,"href":"https:\/\/dom-ucenicki-kutina.skole.hr\/index.php?rest_route=\/wp\/v2\/posts\/300888\/revisions\/300912"}],"wp:featuredmedia":[{"embeddable":true,"href":"https:\/\/dom-ucenicki-kutina.skole.hr\/index.php?rest_route=\/wp\/v2\/media\/300903"}],"wp:attachment":[{"href":"https:\/\/dom-ucenicki-kutina.skole.hr\/index.php?rest_route=%2Fwp%2Fv2%2Fmedia&parent=300888"}],"wp:term":[{"taxonomy":"category","embeddable":true,"href":"https:\/\/dom-ucenicki-kutina.skole.hr\/index.php?rest_route=%2Fwp%2Fv2%2Fcategories&post=300888"},{"taxonomy":"post_tag","embeddable":true,"href":"https:\/\/dom-ucenicki-kutina.skole.hr\/index.php?rest_route=%2Fwp%2Fv2%2Ftags&post=300888"}],"curies":[{"name":"wp","href":"https:\/\/api.w.org\/{rel}","templated":true}]}}