{"id":301839,"date":"2026-04-22T08:25:26","date_gmt":"2026-04-22T06:25:26","guid":{"rendered":"https:\/\/dom-ucenicki-kutina.skole.hr\/?p=301839"},"modified":"2026-04-22T08:25:27","modified_gmt":"2026-04-22T06:25:27","slug":"301839","status":"publish","type":"post","link":"https:\/\/dom-ucenicki-kutina.skole.hr\/?p=301839","title":{"rendered":"49. regionalna Domijada u Kri\u017eevcima"},"content":{"rendered":"<p>[et_pb_section fb_built=&#8221;1&#8243; theme_builder_area=&#8221;post_content&#8221; _builder_version=&#8221;4.27.6&#8243; _module_preset=&#8221;default&#8221;][et_pb_row _builder_version=&#8221;4.27.6&#8243; _module_preset=&#8221;default&#8221; theme_builder_area=&#8221;post_content&#8221;][et_pb_column _builder_version=&#8221;4.27.6&#8243; _module_preset=&#8221;default&#8221; type=&#8221;4_4&#8243; theme_builder_area=&#8221;post_content&#8221;][et_pb_text _builder_version=&#8221;4.27.6&#8243; _module_preset=&#8221;default&#8221; theme_builder_area=&#8221;post_content&#8221; text_font=&#8221;&#8211;et_global_body_font||||||||&#8221; hover_enabled=&#8221;0&#8243; sticky_enabled=&#8221;0&#8243;]<\/p>\n<p>Priroda se polako budi iz zimskog sna, dani postaju du\u017ei i ispunjeni svje\u017einom, osjeti se miris poko\u0161ene trave, cvije\u0107e cvate, drve\u0107e se zeleni, a energija promjene osje\u0107a se na svakom koraku. Upravo u takvom ozra\u010dju, tijekom travnja, odr\u017eava se Domijada \u2013 natjecanje u\u010deni\u010dkih domova koje slavi kreativnost, zajedni\u0161tvo i trud u\u010denika.<\/p>\n<p>[\/et_pb_text][et_pb_image src=&#8221;https:\/\/dom-ucenicki-kutina.skole.hr\/wp-content\/uploads\/sites\/2193\/2026\/04\/ccaf8340-c986-4a65-a5b9-b23e4e670d23.jpg&#8221; _builder_version=&#8221;4.27.6&#8243; _module_preset=&#8221;default&#8221; theme_builder_area=&#8221;post_content&#8221; title_text=&#8221;ccaf8340-c986-4a65-a5b9-b23e4e670d23&#8243; hover_enabled=&#8221;0&#8243; sticky_enabled=&#8221;0&#8243;][\/et_pb_image][et_pb_text _builder_version=&#8221;4.27.6&#8243; _module_preset=&#8221;default&#8221; theme_builder_area=&#8221;post_content&#8221; text_font=&#8221;&#8211;et_global_body_font||||||||&#8221; hover_enabled=&#8221;0&#8243; sticky_enabled=&#8221;0&#8243;]<\/p>\n<p>Oko nas se doga\u0111a procvat prolje\u0107a, a u na\u0161em domu procvat u\u010deni\u010dkih talenata. U\u010denici imaju priliku pokazati svoje vje\u0161tine u razli\u010ditim podru\u010djima \u2013 od kulture i umjetnosti do sporta<\/p>\n<p>\u00a0\u00a0\u00a0\u00a0\u00a0\u00a0\u00a0\u00a0\u00a0\u00a0\u00a0 Domijada je vi\u0161e od samog natjecanja \u2013 ona je slavlje mladosti, kreativnosti i zajedni\u0161tva, u savr\u0161enom skladu s duhom prolje\u0107a. I zato \u010destitamo svim na\u0161im u\u010denicima na sudjelovanju i ulo\u017eenom trudom.<\/p>\n<p>[\/et_pb_text][et_pb_image src=&#8221;https:\/\/dom-ucenicki-kutina.skole.hr\/wp-content\/uploads\/sites\/2193\/2026\/04\/4e7a48d5-3ce4-4db2-b9b2-4b375d08b0b1.jpg&#8221; _builder_version=&#8221;4.27.6&#8243; _module_preset=&#8221;default&#8221; theme_builder_area=&#8221;post_content&#8221; title_text=&#8221;4e7a48d5-3ce4-4db2-b9b2-4b375d08b0b1&#8243; hover_enabled=&#8221;0&#8243; sticky_enabled=&#8221;0&#8243;][\/et_pb_image][et_pb_text _builder_version=&#8221;4.27.6&#8243; _module_preset=&#8221;default&#8221; theme_builder_area=&#8221;post_content&#8221; text_font=&#8221;&#8211;et_global_body_font||||||||&#8221; hover_enabled=&#8221;0&#8243; sticky_enabled=&#8221;0&#8243;]<\/p>\n<p>Ovo su na\u0161a ovogodi\u0161nja postignu\u0107a:<\/p>\n<ol>\n<li><strong> mjesto<\/strong> i odlazak na Dr\u017eavnu domijadu u Rovinju osvojila je Elena Zanetti u kategoriji slike, mentor: I. \u0160uljok, prof.<\/li>\n<\/ol>\n<p><strong>2.mjesto<\/strong> \u2013 dramska skupina (L. Hegna, A.Kolak, T. Puji\u0107, L. Bla\u017eekovi\u0107, A. Tepe\u0161, N. Hrabri\u0107 i L. Hajdinovi\u0107) s autorskim djelom dramske skupine<\/p>\n<p>Mentor: D\u017e. Luka\u010d, prof.<\/p>\n<p><strong>2.mjesto<\/strong> \u2013 fotografija \u2013 K. Martinovi\u0107<\/p>\n<p>Mentor: I. Gajevi\u0107, prof.<\/p>\n<p><strong>2.mjesto<\/strong> \u2013 \u0161ah \u2013 L.R. Zec, M. Jureti\u0107, J. Pavlovi\u0107, I. Ple\u0161e<\/p>\n<p>Mentor: P. Kova\u010devi\u0107, prof.<\/p>\n<p><strong>3.mjesto<\/strong> \u2013 recitacija \u2013 A. Kolak<\/p>\n<p>Mentor: D\u017e. Luka\u010d, prof.<\/p>\n<p>&nbsp;<\/p>\n<p>[\/et_pb_text][et_pb_image src=&#8221;https:\/\/dom-ucenicki-kutina.skole.hr\/wp-content\/uploads\/sites\/2193\/2026\/04\/25969e98-5262-443f-a3dd-1dacf5603526.jpg&#8221; _builder_version=&#8221;4.27.6&#8243; _module_preset=&#8221;default&#8221; theme_builder_area=&#8221;post_content&#8221; title_text=&#8221;25969e98-5262-443f-a3dd-1dacf5603526&#8243; hover_enabled=&#8221;0&#8243; sticky_enabled=&#8221;0&#8243;][\/et_pb_image][\/et_pb_column][\/et_pb_row][\/et_pb_section]<\/p>\n","protected":false},"excerpt":{"rendered":"<p>Priroda se polako budi iz zimskog sna, dani postaju du\u017ei i ispunjeni svje\u017einom, osjeti se miris poko\u0161ene trave, cvije\u0107e cvate, drve\u0107e se zeleni, a energija promjene osje\u0107a se na svakom koraku. Upravo u takvom ozra\u010dju, tijekom travnja, odr\u017eava se Domijada \u2013 natjecanje u\u010deni\u010dkih domova koje slavi kreativnost, zajedni\u0161tvo i trud u\u010denika.Oko nas se doga\u0111a procvat [&hellip;]<\/p>\n","protected":false},"author":3651,"featured_media":301854,"comment_status":"closed","ping_status":"closed","sticky":false,"template":"","format":"standard","meta":{"_et_pb_use_builder":"on","_et_pb_old_content":"","_et_gb_content_width":"","footnotes":""},"categories":[54,48,38],"tags":[],"class_list":["post-301839","post","type-post","status-publish","format-standard","has-post-thumbnail","hentry","category-najnovije_vijesti","category-naslovnica","category-vijesti"],"_links":{"self":[{"href":"https:\/\/dom-ucenicki-kutina.skole.hr\/index.php?rest_route=\/wp\/v2\/posts\/301839","targetHints":{"allow":["GET"]}}],"collection":[{"href":"https:\/\/dom-ucenicki-kutina.skole.hr\/index.php?rest_route=\/wp\/v2\/posts"}],"about":[{"href":"https:\/\/dom-ucenicki-kutina.skole.hr\/index.php?rest_route=\/wp\/v2\/types\/post"}],"author":[{"embeddable":true,"href":"https:\/\/dom-ucenicki-kutina.skole.hr\/index.php?rest_route=\/wp\/v2\/users\/3651"}],"replies":[{"embeddable":true,"href":"https:\/\/dom-ucenicki-kutina.skole.hr\/index.php?rest_route=%2Fwp%2Fv2%2Fcomments&post=301839"}],"version-history":[{"count":3,"href":"https:\/\/dom-ucenicki-kutina.skole.hr\/index.php?rest_route=\/wp\/v2\/posts\/301839\/revisions"}],"predecessor-version":[{"id":301863,"href":"https:\/\/dom-ucenicki-kutina.skole.hr\/index.php?rest_route=\/wp\/v2\/posts\/301839\/revisions\/301863"}],"wp:featuredmedia":[{"embeddable":true,"href":"https:\/\/dom-ucenicki-kutina.skole.hr\/index.php?rest_route=\/wp\/v2\/media\/301854"}],"wp:attachment":[{"href":"https:\/\/dom-ucenicki-kutina.skole.hr\/index.php?rest_route=%2Fwp%2Fv2%2Fmedia&parent=301839"}],"wp:term":[{"taxonomy":"category","embeddable":true,"href":"https:\/\/dom-ucenicki-kutina.skole.hr\/index.php?rest_route=%2Fwp%2Fv2%2Fcategories&post=301839"},{"taxonomy":"post_tag","embeddable":true,"href":"https:\/\/dom-ucenicki-kutina.skole.hr\/index.php?rest_route=%2Fwp%2Fv2%2Ftags&post=301839"}],"curies":[{"name":"wp","href":"https:\/\/api.w.org\/{rel}","templated":true}]}}