{"id":301887,"date":"2026-04-27T16:49:29","date_gmt":"2026-04-27T14:49:29","guid":{"rendered":"https:\/\/dom-ucenicki-kutina.skole.hr\/?p=301887"},"modified":"2026-04-27T16:49:57","modified_gmt":"2026-04-27T14:49:57","slug":"301887","status":"publish","type":"post","link":"https:\/\/dom-ucenicki-kutina.skole.hr\/?p=301887","title":{"rendered":"Ovo nije pri\u010da o jednom uobi\u010dajenom danu &#8211; osvrt u\u010denice na Regionalnu domijadu"},"content":{"rendered":"<p>[et_pb_section fb_built=&#8221;1&#8243; _builder_version=&#8221;4.27.6&#8243; _module_preset=&#8221;default&#8221; global_colors_info=&#8221;{}&#8221;][et_pb_row _builder_version=&#8221;4.27.6&#8243; _module_preset=&#8221;default&#8221; global_colors_info=&#8221;{}&#8221;][et_pb_column type=&#8221;4_4&#8243; _builder_version=&#8221;4.27.6&#8243; _module_preset=&#8221;default&#8221; global_colors_info=&#8221;{}&#8221;][et_pb_text _builder_version=&#8221;4.27.6&#8243; _module_preset=&#8221;default&#8221; text_font=&#8221;&#8211;et_global_body_font||||||||&#8221; global_colors_info=&#8221;{}&#8221;]<\/p>\n<p>Ovo nije pri\u010da o jednom uobi\u010dajenom danu, ovo je pri\u010da o danu odlaska na Domijadi, danu ispunjenom dru\u017eenjem, natjecanjem i nezaboravnim trenucima.<\/p>\n<p>Regionalna Domijada ove godine odvijala se u Kri\u017eevcima,\u00a0 jer je njihov Dom bio\u00a0 doma\u0107in za regiju sjever.<\/p>\n<p>Za dobro jutro probudio nas je no\u0107ni pazitelj, umjesto na\u0161ih alarma koji su bili uga\u0161eni, jer naravno treba nam &#8220;jo\u0161 samo 5 minuta&#8221; sna. Jutro ne mo\u017ee pro\u0107i bez strke, uzbu\u0111enje i brzinskog pakiranja. Uspjeli smo se na vrijeme ukrcati\u00a0 u autobus, a zatim i provjeriti uno\u0161enje na\u0161ih radova za multimediju i potrebnih rekvizita za scenski nastup.<\/p>\n<p>U autobusu \u00a0na\u0161i de\u010dki, uglavnom zadu\u017eeni za nogomet, pjesmom i \u0161tosevima odr\u017eavali \u00a0su nas budnima i podizali su atmosferu. Za malo vise od sat vremena stigli smo u Kri\u017eevce, mali gradi\u0107 s velikom pri\u010dom. Prenijeli smo stvari iz autobuse\u00a0 i zapo\u010deli spremanje za izlo\u017ebu. To je bio zahtjevan posao, jer imali smo puno radova u razli\u010ditim kategorijama.<\/p>\n<p>Zapo\u010dele su probe, a krenuo je i nogometom. Suo\u010dili smo se s protivnicima i shvatili da \u0107e biti napeto. Od jake \u017eelje za pobjedom, do\u0161li smo do onog olimpijskog \u2013 va\u017eno je sudjelovati .<\/p>\n<p>Dobre vijesti stizale su od na\u0161e \u0161ahovske ekipe i to je na nas sve djelovalo poticajno.<\/p>\n<p>&nbsp;<\/p>\n<p>Konkurencija \u00a0u scenskom izrazu \u00a0bila jaka, to smo uo\u010dili ve\u0107 na probama. Konkurencija nam je stalno bila u mislima i to nas je poticalo \u00a0da budemo sto bolji.<\/p>\n<p>Nakon probe oti\u0161li smo gledati na\u0161e nogometa\u0161e, no nije im ba\u0161 i\u0161lo , ali jako su se trudili i ve\u0107 je bilo dosta poderanih koljena i laktova.<\/p>\n<p>Kada su utakmice zavr\u0161ile uputili smo se na ru\u010dak, a poslije ru\u010dka na nastup. Evo trenutak kada moramo pokazati ono za\u0161to smo do\u0161li i za\u0161to smo tako uporno vje\u017ebali . Trema je bila tu, ali svojom izvedbom smo ju izbrisali. Nastavili smo gledati ostale izvedbe te do\u010dekali i progla\u0161enje. \u00a0Kamen nam je pao sa srca, odjednom sve je postalo mirno nisam se vise brinu niti za osvojeno mjesto, jer smo znali da smo ostavili veliki trag i dio sebe na pozornici. Bli\u017eio se kraj. Drugo mjesto za scensku igru i tre\u0107e mjesto za recitaciju, nije nas razo\u010daralo. \u00a0Sva uzbu\u0111enja i nova prijateljstva ostati \u0107e zapam\u0107ena. Bus nas je \u010dekao i odveo kuci u nas dragi Dom u Kutini, osje\u0107ali smo se nekako ushi\u0107eno\u00a0 i smireno u isto vrijeme. Sigurna sam da nas takvi nastupi i dru\u017eenja oplemenjuju.<\/p>\n<p>&nbsp;<\/p>\n<p>Lucija Hegna<\/p>\n<p>[\/et_pb_text][\/et_pb_column][\/et_pb_row][\/et_pb_section]<\/p>\n","protected":false},"excerpt":{"rendered":"<p>Ovo nije pri\u010da o jednom uobi\u010dajenom danu, ovo je pri\u010da o danu odlaska na Domijadi, danu ispunjenom dru\u017eenjem, natjecanjem i nezaboravnim trenucima. Regionalna Domijada ove godine odvijala se u Kri\u017eevcima,\u00a0 jer je njihov Dom bio\u00a0 doma\u0107in za regiju sjever. Za dobro jutro probudio nas je no\u0107ni pazitelj, umjesto na\u0161ih alarma koji su bili uga\u0161eni, jer [&hellip;]<\/p>\n","protected":false},"author":3651,"featured_media":301896,"comment_status":"closed","ping_status":"closed","sticky":false,"template":"","format":"standard","meta":{"_et_pb_use_builder":"on","_et_pb_old_content":"","_et_gb_content_width":"","footnotes":""},"categories":[54,48,38],"tags":[],"class_list":["post-301887","post","type-post","status-publish","format-standard","has-post-thumbnail","hentry","category-najnovije_vijesti","category-naslovnica","category-vijesti"],"_links":{"self":[{"href":"https:\/\/dom-ucenicki-kutina.skole.hr\/index.php?rest_route=\/wp\/v2\/posts\/301887","targetHints":{"allow":["GET"]}}],"collection":[{"href":"https:\/\/dom-ucenicki-kutina.skole.hr\/index.php?rest_route=\/wp\/v2\/posts"}],"about":[{"href":"https:\/\/dom-ucenicki-kutina.skole.hr\/index.php?rest_route=\/wp\/v2\/types\/post"}],"author":[{"embeddable":true,"href":"https:\/\/dom-ucenicki-kutina.skole.hr\/index.php?rest_route=\/wp\/v2\/users\/3651"}],"replies":[{"embeddable":true,"href":"https:\/\/dom-ucenicki-kutina.skole.hr\/index.php?rest_route=%2Fwp%2Fv2%2Fcomments&post=301887"}],"version-history":[{"count":4,"href":"https:\/\/dom-ucenicki-kutina.skole.hr\/index.php?rest_route=\/wp\/v2\/posts\/301887\/revisions"}],"predecessor-version":[{"id":301905,"href":"https:\/\/dom-ucenicki-kutina.skole.hr\/index.php?rest_route=\/wp\/v2\/posts\/301887\/revisions\/301905"}],"wp:featuredmedia":[{"embeddable":true,"href":"https:\/\/dom-ucenicki-kutina.skole.hr\/index.php?rest_route=\/wp\/v2\/media\/301896"}],"wp:attachment":[{"href":"https:\/\/dom-ucenicki-kutina.skole.hr\/index.php?rest_route=%2Fwp%2Fv2%2Fmedia&parent=301887"}],"wp:term":[{"taxonomy":"category","embeddable":true,"href":"https:\/\/dom-ucenicki-kutina.skole.hr\/index.php?rest_route=%2Fwp%2Fv2%2Fcategories&post=301887"},{"taxonomy":"post_tag","embeddable":true,"href":"https:\/\/dom-ucenicki-kutina.skole.hr\/index.php?rest_route=%2Fwp%2Fv2%2Ftags&post=301887"}],"curies":[{"name":"wp","href":"https:\/\/api.w.org\/{rel}","templated":true}]}}