{"id":302644,"date":"2026-09-01T12:56:26","date_gmt":"2026-09-01T10:56:26","guid":{"rendered":"https:\/\/dom-ucenicki-kutina.skole.hr\/?p=302644"},"modified":"2026-09-01T12:56:27","modified_gmt":"2026-09-01T10:56:27","slug":"302644","status":"publish","type":"post","link":"https:\/\/dom-ucenicki-kutina.skole.hr\/?p=302644","title":{"rendered":"Pozdravna rije\u010d ravnateljice"},"content":{"rendered":"<p>[et_pb_section fb_built=&#8221;1&#8243; theme_builder_area=&#8221;post_content&#8221; _builder_version=&#8221;4.27.6&#8243; _module_preset=&#8221;default&#8221;][et_pb_row _builder_version=&#8221;4.27.6&#8243; _module_preset=&#8221;default&#8221; theme_builder_area=&#8221;post_content&#8221;][et_pb_column _builder_version=&#8221;4.27.6&#8243; _module_preset=&#8221;default&#8221; type=&#8221;4_4&#8243; theme_builder_area=&#8221;post_content&#8221;][et_pb_text _builder_version=&#8221;4.27.6&#8243; _module_preset=&#8221;default&#8221; theme_builder_area=&#8221;post_content&#8221; text_font=&#8221;&#8211;et_global_body_font||||||||&#8221; hover_enabled=&#8221;0&#8243; sticky_enabled=&#8221;0&#8243;]<\/p>\n<p>Drage u\u010denice i u\u010denici, po\u0161tovani roditelji\/ skrbnici,<br \/>na po\u010detku nove \u0161kolske godine srda\u010dno i toplo Vas pozdravljam i \u017eelim posebno<br \/>dobrodo\u0161licu novim u\u010denicima, a starijima dobrodo\u0161licu natrag u poznate prostore i<br \/>prijateljstva!<br \/>Vi niste u domu samo korisnici smje\u0161taja nego \u010dlanovi jedne velike zajednice u kojoj \u010dinimo<br \/>sve kako bi se osje\u0107ali sigurno, prihva\u0107eno i dobrodo\u0161lo.<br \/>Upravo stoga \u0161to od vas o\u010dekujemo me\u0111usobno po\u0161tovanje, toleranciju, ispunjavanje<br \/>\u0161kolskih obveza, dru\u017eenje, u\u010denje, uklju\u010divanje u razli\u010dite posebne i izborne programe, na<br \/>po\u010detku nove \u0161kolske godine \u017eelim vam dati va\u017ene informacije o po\u010detku na\u0161eg dru\u017eenja u<br \/>novoj \u0161kolskoj godini, koje zapo\u010dinje u nedjelju, 6.rujna 2026.<br \/>Sve\u010dani program primanja u\u010denika i roditelja\/skrbnika u\u010denika prvih razreda odr\u017eat \u0107e se u<br \/>vanjskom prostoru ispred dvori\u0161ne zgrade s po\u010detkom u 17,00 sati. Nakon zajedni\u010dkog dijela<br \/>na kome prisustvuju i u\u010denici i roditelji\/skrbnici te odgajatelji i ravnateljica Doma, u\u010denici<br \/>prvih razreda odlaze u svoje spavaonice nakon preuzimanja klju\u010deva, a roditelji\/skrbnici<br \/>u\u010denika I odgojne skupine ostaju na roditeljskom sastanku s odgajateljicom Irenom \u0160uljok,<br \/>prof. Klju\u010deve \u0107e preuzimati i zadu\u017eiti se kod domara Roberta Brandeisa.<br \/>Nakon roditeljskog sastanka, roditelji mogu zajedno sa svojom djecom pogledati spavaonicu i<br \/>kojoj je njegovo dijete smje\u0161teno, te provesti jo\u0161 zajedni\u010dko vrijeme, ili u Domu ili izlaskom u<br \/>grad, o \u010demu obavje\u0161tavaju odgajateljicu.<br \/>Stariji u\u010denici, dakle u\u010denici II, III i IV razreda dolaze u dom u 18,30 sati te tako\u0111er molimo<br \/>roditelje \/skrbnike da prisustvuju prvom roditeljskom sastanku za svoje dijete koje \u0107e biti u<br \/>18,30 sati. Svi sastanci odr\u017eavat \u0107e se u zasebnim prostorijama u koje \u0107e vas uputiti<br \/>odgajatelji tih skupina:<br \/>II odgojna skupina -odgajateljica Ines Gajevi\u0107, prof.<br \/>III odgojna skupina \u2013 odgajateljica Petra Kova\u010devi\u0107, prof.<br \/>IV odgojna skupina \u2013 D\u017eemila Luka\u010d, prof.<br \/>Navodim informacije za novoupisane u\u010denike:<br \/>-useljenje je dakle u nedjelju, 6.rujna 2026 od 17,00 sati<br \/>-posteljina koju u\u010denici koriste je isklju\u010divo domska iz higijenskih razloga, a ukoliko je<br \/>potrebno donijeti iz zdravstvenih razloga, molimo da se obavijeste odgajatelji ( jastuk zbog<br \/>mogu\u0107ih alergija)<br \/>&#8211; za boravak u na\u0161em domu u\u010denici trebaju donijeti odgovaraju\u0107u odje\u0107u, pribor za osobnu<br \/>higijenu, ku\u0107ne papu\u010de, kao i ostale potrebne stvari za \u0161kolu<br \/>Novoupisani u\u010denici i njihovi roditelji imat \u0107e mogu\u0107nost za upoznavanje s prostorom Doma i<br \/>dobit \u0107e sve potrebne smjernice, kako bi se upoznali s na\u010dinom rada U\u010deni\u010dkog doma i s<br \/>pravima i obavezama u\u010denika.<\/p>\n<p>-Ku\u0107ni red U\u010deni\u010dkog doma \u2013 Kutina mo\u017eete pogledati i upoznati se preko poveznice : <a href=\"https:\/\/dom-ucenicki-kutina.skole.hr\/wp-content\/uploads\/sites\/2193\/2024\/05\/Pravilnik_o_kucnom_redu_-1.doc\">https:\/\/dom-ucenicki-kutina.skole.hr\/wp-content\/uploads\/sites\/2193\/2024\/05\/Pravilnik_o_kucnom_redu_-1.doc<\/a><\/p>\n<p>-Prostor U\u010deni\u010dkog doma -Kutina mo\u017eete pogledati:<\/p>\n<p>[\/et_pb_text][et_pb_image src=&#8221;https:\/\/dom-ucenicki-kutina.skole.hr\/wp-content\/uploads\/sites\/2193\/2026\/09\/SJENICA.jpg&#8221; _builder_version=&#8221;4.27.6&#8243; _module_preset=&#8221;default&#8221; theme_builder_area=&#8221;post_content&#8221; title_text=&#8221;SJENICA&#8221; hover_enabled=&#8221;0&#8243; sticky_enabled=&#8221;0&#8243;][\/et_pb_image][et_pb_image src=&#8221;https:\/\/dom-ucenicki-kutina.skole.hr\/wp-content\/uploads\/sites\/2193\/2026\/09\/KUTAKZA-DRUZENJE.jpg&#8221; _builder_version=&#8221;4.27.6&#8243; _module_preset=&#8221;default&#8221; theme_builder_area=&#8221;post_content&#8221; title_text=&#8221;KUTAKZA DRUZENJE&#8221; hover_enabled=&#8221;0&#8243; sticky_enabled=&#8221;0&#8243;][\/et_pb_image][et_pb_image src=&#8221;https:\/\/dom-ucenicki-kutina.skole.hr\/wp-content\/uploads\/sites\/2193\/2026\/09\/DVORISTE-2.jpg&#8221; _builder_version=&#8221;4.27.6&#8243; _module_preset=&#8221;default&#8221; theme_builder_area=&#8221;post_content&#8221; title_text=&#8221;DVORI\u0160TE 2&#8243; hover_enabled=&#8221;0&#8243; sticky_enabled=&#8221;0&#8243;][\/et_pb_image][et_pb_image src=&#8221;https:\/\/dom-ucenicki-kutina.skole.hr\/wp-content\/uploads\/sites\/2193\/2026\/09\/IGRALISTE.jpg&#8221; _builder_version=&#8221;4.27.6&#8243; _module_preset=&#8221;default&#8221; theme_builder_area=&#8221;post_content&#8221; title_text=&#8221;IGRALI\u0160TE&#8221; hover_enabled=&#8221;0&#8243; sticky_enabled=&#8221;0&#8243;][\/et_pb_image][et_pb_image src=&#8221;https:\/\/dom-ucenicki-kutina.skole.hr\/wp-content\/uploads\/sites\/2193\/2026\/09\/STREET-WORK-OUT-SPRAVE-3.jpg&#8221; _builder_version=&#8221;4.27.6&#8243; _module_preset=&#8221;default&#8221; theme_builder_area=&#8221;post_content&#8221; title_text=&#8221;STREET WORK OUT SPRAVE 3&#8243; hover_enabled=&#8221;0&#8243; sticky_enabled=&#8221;0&#8243;][\/et_pb_image][et_pb_image src=&#8221;https:\/\/dom-ucenicki-kutina.skole.hr\/wp-content\/uploads\/sites\/2193\/2026\/09\/UCIONICA2.jpg&#8221; _builder_version=&#8221;4.27.6&#8243; _module_preset=&#8221;default&#8221; theme_builder_area=&#8221;post_content&#8221; title_text=&#8221;U\u010cIONICA2&#8243; hover_enabled=&#8221;0&#8243; sticky_enabled=&#8221;0&#8243;][\/et_pb_image][et_pb_text _builder_version=&#8221;4.27.6&#8243; _module_preset=&#8221;default&#8221; theme_builder_area=&#8221;post_content&#8221; hover_enabled=&#8221;0&#8243; sticky_enabled=&#8221;0&#8243;]<\/p>\n<p>Sve ostale informacije vezane uz \u017eivot i rad izborne, posebne i temeljne programe,<br \/>odgovorno i mjere pona\u0161anja u U\u010deni\u010dkom domu -Kutina dobiti \u0107e u\u010denici prvih razreda na<br \/>sastanku sa svojom odgajateljicom\/ voditeljicom skupine, Irenom \u0160uljok, prof.<\/p>\n<p>\u017delim vam uspje\u0161an i sretan po\u010detak nove \u0161kolske godine i ugodan boravak u na\u0161em domu!<br \/>Dobro nam do\u0161li\u2026neka na\u0161 dom postane i va\u0161 dom\u2026<\/p>\n<p>Ravnateljica:<\/p>\n<p>Vesna Vukovi\u0107, prof.<\/p>\n<p>[\/et_pb_text][et_pb_text _builder_version=&#8221;4.27.6&#8243; _module_preset=&#8221;default&#8221; theme_builder_area=&#8221;post_content&#8221; text_font=&#8221;&#8211;et_global_body_font||||||||&#8221; hover_enabled=&#8221;0&#8243; sticky_enabled=&#8221;0&#8243;][\/et_pb_text][\/et_pb_column][\/et_pb_row][\/et_pb_section]<\/p>\n","protected":false},"excerpt":{"rendered":"<p>Drage u\u010denice i u\u010denici, po\u0161tovani roditelji\/ skrbnici,na po\u010detku nove \u0161kolske godine srda\u010dno i toplo Vas pozdravljam i \u017eelim posebnodobrodo\u0161licu novim u\u010denicima, a starijima dobrodo\u0161licu natrag u poznate prostore iprijateljstva!Vi niste u domu samo korisnici smje\u0161taja nego \u010dlanovi jedne velike zajednice u kojoj \u010dinimosve kako bi se osje\u0107ali sigurno, prihva\u0107eno i dobrodo\u0161lo.Upravo stoga \u0161to od vas [&hellip;]<\/p>\n","protected":false},"author":4279,"featured_media":302680,"comment_status":"closed","ping_status":"closed","sticky":false,"template":"","format":"standard","meta":{"_et_pb_use_builder":"on","_et_pb_old_content":"","_et_gb_content_width":"","footnotes":""},"categories":[54,48,38],"tags":[],"class_list":["post-302644","post","type-post","status-publish","format-standard","has-post-thumbnail","hentry","category-najnovije_vijesti","category-naslovnica","category-vijesti"],"_links":{"self":[{"href":"https:\/\/dom-ucenicki-kutina.skole.hr\/index.php?rest_route=\/wp\/v2\/posts\/302644","targetHints":{"allow":["GET"]}}],"collection":[{"href":"https:\/\/dom-ucenicki-kutina.skole.hr\/index.php?rest_route=\/wp\/v2\/posts"}],"about":[{"href":"https:\/\/dom-ucenicki-kutina.skole.hr\/index.php?rest_route=\/wp\/v2\/types\/post"}],"author":[{"embeddable":true,"href":"https:\/\/dom-ucenicki-kutina.skole.hr\/index.php?rest_route=\/wp\/v2\/users\/4279"}],"replies":[{"embeddable":true,"href":"https:\/\/dom-ucenicki-kutina.skole.hr\/index.php?rest_route=%2Fwp%2Fv2%2Fcomments&post=302644"}],"version-history":[{"count":3,"href":"https:\/\/dom-ucenicki-kutina.skole.hr\/index.php?rest_route=\/wp\/v2\/posts\/302644\/revisions"}],"predecessor-version":[{"id":302686,"href":"https:\/\/dom-ucenicki-kutina.skole.hr\/index.php?rest_route=\/wp\/v2\/posts\/302644\/revisions\/302686"}],"wp:featuredmedia":[{"embeddable":true,"href":"https:\/\/dom-ucenicki-kutina.skole.hr\/index.php?rest_route=\/wp\/v2\/media\/302680"}],"wp:attachment":[{"href":"https:\/\/dom-ucenicki-kutina.skole.hr\/index.php?rest_route=%2Fwp%2Fv2%2Fmedia&parent=302644"}],"wp:term":[{"taxonomy":"category","embeddable":true,"href":"https:\/\/dom-ucenicki-kutina.skole.hr\/index.php?rest_route=%2Fwp%2Fv2%2Fcategories&post=302644"},{"taxonomy":"post_tag","embeddable":true,"href":"https:\/\/dom-ucenicki-kutina.skole.hr\/index.php?rest_route=%2Fwp%2Fv2%2Ftags&post=302644"}],"curies":[{"name":"wp","href":"https:\/\/api.w.org\/{rel}","templated":true}]}}